{"id":13375,"date":"2016-05-30T13:35:41","date_gmt":"2016-05-30T13:35:41","guid":{"rendered":"http:\/\/fram.is\/?p=13375"},"modified":"2016-05-30T13:35:41","modified_gmt":"2016-05-30T13:35:41","slug":"svanur-pall-vilhjalmsson-semur-vid-fram","status":"publish","type":"post","link":"https:\/\/fram.is\/is\/2016\/05\/30\/svanur-pall-vilhjalmsson-semur-vid-fram\/","title":{"rendered":"Svanur P\u00e1ll Vilhj\u00e1lmsson semur vi\u00f0 FRAM"},"content":{"rendered":"<p style=\"text-align: left;\"><a href=\"http:\/\/fram.is\/is\/?attachment_id=13376\"><img fetchpriority=\"high\" decoding=\"async\" class=\"alignright size-medium wp-image-13376\" src=\"http:\/\/fram.is\/wp-content\/uploads\/2016\/05\/svan-169x300.jpeg\" alt=\"svan\" width=\"169\" height=\"300\" \/><\/a>Handknattleiksdeild FRAM hefur sami\u00f0 vi\u00f0 Svan P\u00e1l Vilhj\u00e1lmsson tv\u00edtugan Eyjamann.<br \/>\nSvanur P\u00e1ll kemur eins og \u00e1\u00f0ur sag\u00f0i fr\u00e1 \u00cdBV \u00fear sem hann er uppalinn. Svanur er \u00f6rvhentur hornama\u00f0ur hefur leiki\u00f0 fyrir \u00cdBV s\u00ed\u00f0astli\u00f0in \u00e1r, var\u00f0 me\u00f0al annars bikarmeistari me\u00f0 \u00cdBV 2015 og l\u00e9k 21 leik me\u00f0 \u00cdBV \u00e1 s\u00ed\u00f0asta t\u00edmabili. Samningur Svans vi\u00f0 FRAM er til tveggja \u00e1ra og v\u00e6ntum vi\u00f0 FRAMarar mikils af drengnum \u00e1 n\u00e6stu \u00e1rum.<\/p>\n<p style=\"text-align: left;\">Velkominn Svanur<\/p>\n<p>Handknattleiksdeild FRAM<\/p>","protected":false},"excerpt":{"rendered":"<p>Handknattleiksdeild FRAM hefur sami\u00f0 vi\u00f0 Svan P\u00e1l Vilhj\u00e1lmsson tv\u00edtugan Eyjamann. Svanur P\u00e1ll kemur eins og \u00e1\u00f0ur sag\u00f0i fr\u00e1 \u00cdBV \u00fear sem hann er uppalinn. Svanur er \u00f6rvhentur hornama\u00f0ur hefur leiki\u00f0 [&hellip;]<\/p>","protected":false},"author":4,"featured_media":13377,"comment_status":"open","ping_status":"open","sticky":false,"template":"","format":"standard","meta":{"_monsterinsights_skip_tracking":false,"_monsterinsights_sitenote_active":false,"_monsterinsights_sitenote_note":"","_monsterinsights_sitenote_category":0,"_jetpack_memberships_contains_paid_content":false,"footnotes":""},"categories":[6,19],"tags":[],"class_list":["post-13375","post","type-post","status-publish","format-standard","has-post-thumbnail","hentry","category-handbolti","category-mfl-karla"],"jetpack_sharing_enabled":true,"jetpack_featured_media_url":"https:\/\/fram.is\/wp-content\/uploads\/2016\/05\/svan-vefur.jpg","_links":{"self":[{"href":"https:\/\/fram.is\/is\/wp-json\/wp\/v2\/posts\/13375","targetHints":{"allow":["GET"]}}],"collection":[{"href":"https:\/\/fram.is\/is\/wp-json\/wp\/v2\/posts"}],"about":[{"href":"https:\/\/fram.is\/is\/wp-json\/wp\/v2\/types\/post"}],"author":[{"embeddable":true,"href":"https:\/\/fram.is\/is\/wp-json\/wp\/v2\/users\/4"}],"replies":[{"embeddable":true,"href":"https:\/\/fram.is\/is\/wp-json\/wp\/v2\/comments?post=13375"}],"version-history":[{"count":0,"href":"https:\/\/fram.is\/is\/wp-json\/wp\/v2\/posts\/13375\/revisions"}],"wp:featuredmedia":[{"embeddable":true,"href":"https:\/\/fram.is\/is\/wp-json\/wp\/v2\/media\/13377"}],"wp:attachment":[{"href":"https:\/\/fram.is\/is\/wp-json\/wp\/v2\/media?parent=13375"}],"wp:term":[{"taxonomy":"category","embeddable":true,"href":"https:\/\/fram.is\/is\/wp-json\/wp\/v2\/categories?post=13375"},{"taxonomy":"post_tag","embeddable":true,"href":"https:\/\/fram.is\/is\/wp-json\/wp\/v2\/tags?post=13375"}],"curies":[{"name":"wp","href":"https:\/\/api.w.org\/{rel}","templated":true}]}}