{"id":13396,"date":"2016-06-03T01:23:17","date_gmt":"2016-06-03T01:23:17","guid":{"rendered":"http:\/\/fram.is\/?p=13396"},"modified":"2016-06-03T01:23:17","modified_gmt":"2016-06-03T01:23:17","slug":"valtyr-mar-hakonarsson-framlengir-til-tveggja-ara","status":"publish","type":"post","link":"https:\/\/fram.is\/is\/2016\/06\/03\/valtyr-mar-hakonarsson-framlengir-til-tveggja-ara\/","title":{"rendered":"Valt\u00fdr M\u00e1r H\u00e1konarsson framlengir til tveggja \u00e1ra"},"content":{"rendered":"<p><a href=\"http:\/\/fram.is\/is\/?attachment_id=13399\"><img fetchpriority=\"high\" decoding=\"async\" class=\"alignright size-medium wp-image-13399\" src=\"http:\/\/fram.is\/wp-content\/uploads\/2016\/06\/Valt\u00fdr-god-261x300.jpg\" alt=\"Valt\u00fdr god\" width=\"261\" height=\"300\" \/><\/a>Valt\u00fdr M\u00e1r H\u00e1konarsson markv\u00f6r\u00f0ur FRAM framlengdi \u00ed dag samning sinn vi\u00f0 FRAM til n\u00e6stu tveggja \u00e1ra. Valt\u00fdr M\u00e1r er uppalinn FRAMari og hefur undanfarin \u00e1r gert sterkara tilkall til \u00feess a\u00f0 vera markv\u00f6r\u00f0ur n\u00famer eitt.<br \/>\n\u00dea\u00f0 er \u00fev\u00ed gle\u00f0ilegt a\u00f0 Valt\u00fdr \u00e6tli a\u00f0 verja mark okkar FRAMara allavega n\u00e6stu tv\u00f6 \u00e1rin.<br \/>\nVel gert T\u00fdri.<\/p>\n<p>Handknattleiksdeild FRAM<\/p>","protected":false},"excerpt":{"rendered":"<p>Valt\u00fdr M\u00e1r H\u00e1konarsson markv\u00f6r\u00f0ur FRAM framlengdi \u00ed dag samning sinn vi\u00f0 FRAM til n\u00e6stu tveggja \u00e1ra. Valt\u00fdr M\u00e1r er uppalinn FRAMari og hefur undanfarin \u00e1r gert sterkara tilkall til \u00feess [&hellip;]<\/p>","protected":false},"author":4,"featured_media":11450,"comment_status":"open","ping_status":"open","sticky":false,"template":"","format":"standard","meta":{"_monsterinsights_skip_tracking":false,"_monsterinsights_sitenote_active":false,"_monsterinsights_sitenote_note":"","_monsterinsights_sitenote_category":0,"_jetpack_memberships_contains_paid_content":false,"footnotes":""},"categories":[6,19],"tags":[],"class_list":["post-13396","post","type-post","status-publish","format-standard","has-post-thumbnail","hentry","category-handbolti","category-mfl-karla"],"jetpack_sharing_enabled":true,"jetpack_featured_media_url":"https:\/\/fram.is\/wp-content\/uploads\/2015\/10\/Valt\u00fdr-scaled.jpg","_links":{"self":[{"href":"https:\/\/fram.is\/is\/wp-json\/wp\/v2\/posts\/13396","targetHints":{"allow":["GET"]}}],"collection":[{"href":"https:\/\/fram.is\/is\/wp-json\/wp\/v2\/posts"}],"about":[{"href":"https:\/\/fram.is\/is\/wp-json\/wp\/v2\/types\/post"}],"author":[{"embeddable":true,"href":"https:\/\/fram.is\/is\/wp-json\/wp\/v2\/users\/4"}],"replies":[{"embeddable":true,"href":"https:\/\/fram.is\/is\/wp-json\/wp\/v2\/comments?post=13396"}],"version-history":[{"count":0,"href":"https:\/\/fram.is\/is\/wp-json\/wp\/v2\/posts\/13396\/revisions"}],"wp:featuredmedia":[{"embeddable":true,"href":"https:\/\/fram.is\/is\/wp-json\/wp\/v2\/media\/11450"}],"wp:attachment":[{"href":"https:\/\/fram.is\/is\/wp-json\/wp\/v2\/media?parent=13396"}],"wp:term":[{"taxonomy":"category","embeddable":true,"href":"https:\/\/fram.is\/is\/wp-json\/wp\/v2\/categories?post=13396"},{"taxonomy":"post_tag","embeddable":true,"href":"https:\/\/fram.is\/is\/wp-json\/wp\/v2\/tags?post=13396"}],"curies":[{"name":"wp","href":"https:\/\/api.w.org\/{rel}","templated":true}]}}