{"id":1346,"date":"2013-01-17T11:51:17","date_gmt":"2013-01-17T11:51:17","guid":{"rendered":"http:\/\/wp.fram.is\/?p=1346"},"modified":"2013-01-17T11:51:17","modified_gmt":"2013-01-17T11:51:17","slug":"fotboltinn-byrjar-ad-rulla-fram-maetir-vikingi","status":"publish","type":"post","link":"https:\/\/fram.is\/is\/2013\/01\/17\/fotboltinn-byrjar-ad-rulla-fram-maetir-vikingi\/","title":{"rendered":"F\u00f3tboltinn byrjar a\u00f0 r\u00falla &#8211; FRAM m\u00e6tir V\u00edkingi"},"content":{"rendered":"<p>FRAM leikur \u00ed kv\u00f6ld fyrsta leik sinn \u00e1 Reykjav\u00edkurm\u00f3tinu \u00ed knattspyrnu og \u00fear me\u00f0 hefst g\u00f3sent\u00ed\u00f0 knattspyrnu\u00feyrstra sona og d\u00e6tra Safam\u00fdrarinnar. \u00a0FRAM leikur \u00ed B-ri\u00f0li Reykjav\u00edkurm\u00f3tsins a\u00f0 \u00feessu sinni og m\u00e6tir V\u00edkingi Reykjav\u00edk \u00ed fyrsta leik klukkan 19 \u00ed kv\u00f6ld \u00ed Egilsh\u00f6ll. \u00a0FRAM m\u00e6tir svo Fylki \u00e1 mi\u00f0vikudaginn \u00ed n\u00e6stu viku og Leikni \u00far Brei\u00f0holti annan f\u00f6studag.<\/p>\n<p>Nokkrar breytingar hafa or\u00f0i\u00f0 \u00e1 leikmannah\u00f3pi FRAM s\u00ed\u00f0an \u00e1 s\u00ed\u00f0ustu leikt\u00ed\u00f0 og b\u00ed\u00f0a margir spenntir eftir \u00fev\u00ed a\u00f0 sj\u00e1 n\u00fdju leikmennina spretta um gr\u00e6nar grundir \u00ed fagurbl\u00e1rri treyju. \u00a0Viktor Bjarki Arnarsson er kominn fr\u00e1 KR, Haukur Baldvinsson fr\u00e1 Brei\u00f0abliki, reynsluboltinn \u00d3lafur \u00d6rn Bjarnason fr\u00e1 Grindav\u00edk og Halld\u00f3r Arnarsson fr\u00e1 \u00cdR. \u00a0N\u00fdju mennirnir hafa falli\u00f0 vel inn \u00ed h\u00f3pinn og eiga \u00e1n nokkurs vafa eftir a\u00f0 leggja l\u00f3\u00f0 \u00e1 vogarsk\u00e1lar \u00e1 komandi leikt\u00ed\u00f0. \u00a0Kjarninn \u00far li\u00f0inu sem vakna\u00f0i til l\u00edfsins \u00e1 haustm\u00e1nu\u00f0um \u00ed fyrra er enn til sta\u00f0ar, reynslunni r\u00edkari, og \u00fea\u00f0 gefur \u00e1st\u00e6\u00f0u til bjarts\u00fdni a\u00f0 hugsa til \u00feess a\u00f0 \u00feegar FRAMarar l\u00e9ku eins og \u00feeir \u00e1ttu og eiga a\u00f0 s\u00e9r voru tilt\u00f6lulega f\u00e1ir sem st\u00f3\u00f0ust \u00feeim sn\u00faning.<\/p>\n<p>Leikmannah\u00f3pur FRAM er \u00e1 \u00feennan veg (f\u00f6st n\u00famer leikmanna):<\/p>\n<p>1. \u00a0 \u00a0 \u00d6gmundur Kristinsson<br \/>\n4. \u00a0 \u00a0 Kristj\u00e1n Hauksson<br \/>\n5. \u00a0 \u00a0 Kristinn Ingi Halld\u00f3rsson<br \/>\n6. \u00a0 \u00a0 Halld\u00f3r Hermann J\u00f3nsson<br \/>\n7. \u00a0 \u00a0 Da\u00f0i Gu\u00f0mundsson<br \/>\n8. \u00a0 \u00a0 J\u00f3n Gunnar Eysteinsson<br \/>\n9. \u00a0 \u00a0 Haukur Baldvinsson<br \/>\n10. \u00a0Steven Lennon<br \/>\n11. \u00a0Almarr Ormarsson<br \/>\n13. \u00a0Viktor Bjarki Arnarsson<br \/>\n14. \u00a0Halld\u00f3r Arnarsson<br \/>\n15. \u00a0Sam Hewson<br \/>\n16. \u00a0Andri Freyr Sveinsson<br \/>\n17. \u00a0H\u00f3lmbert Fri\u00f0j\u00f3nsson<br \/>\n18. \u00a0Aron Albertsson<br \/>\n19. \u00a0Orri Gunnarsson<br \/>\n20. \u00a0Alan Lowing<br \/>\n22. \u00a0\u00d3lafur \u00d6rn Bjarnason<br \/>\n23. \u00a0Benedikt Okt\u00f3 Bjarnason<br \/>\n24. \u00a0Sveinbj\u00f6rn J\u00f3nasson<br \/>\n25. \u00a0J\u00f6kull Steinn \u00d3lafsson<br \/>\n26. \u00a0Antonio Ndong Nsambi<br \/>\n27. \u00a0Matth\u00edas J\u00f3hannsson<br \/>\n28. \u00a0Gunnar Birgisson<br \/>\n29. \u00a0Stef\u00e1n Birgir J\u00f3hannesson<br \/>\n30. \u00a0Denis Cardaklija<\/p>\n<p>Leikir FRAM \u00e1 Reykjav\u00edkurm\u00f3tinu (allir leikirnir fara fram \u00ed Egilsh\u00f6ll):<br \/>\nFim. 17.jan. kl. 19.00 \u00a0FRAM &#8211; V\u00edkingur R.<br \/>\nMi\u00f0. 23.jan. kl. 19.o0 \u00a0Fylkir &#8211; FRAM<br \/>\nF\u00f6s. 1.feb. kl. 19.00 \u00a0 \u00a0 FRAM &#8211; Leiknir R.<\/p>","protected":false},"excerpt":{"rendered":"<p>FRAM leikur \u00ed kv\u00f6ld fyrsta leik sinn \u00e1 Reykjav\u00edkurm\u00f3tinu \u00ed knattspyrnu og \u00fear me\u00f0 hefst g\u00f3sent\u00ed\u00f0 knattspyrnu\u00feyrstra sona og d\u00e6tra Safam\u00fdrarinnar. \u00a0FRAM leikur \u00ed B-ri\u00f0li Reykjav\u00edkurm\u00f3tsins a\u00f0 \u00feessu sinni og [&hellip;]<\/p>","protected":false},"author":3,"featured_media":1348,"comment_status":"open","ping_status":"open","sticky":false,"template":"","format":"standard","meta":{"_monsterinsights_skip_tracking":false,"_monsterinsights_sitenote_active":false,"_monsterinsights_sitenote_note":"","_monsterinsights_sitenote_category":0,"_jetpack_memberships_contains_paid_content":false,"footnotes":""},"categories":[11,9],"tags":[],"class_list":["post-1346","post","type-post","status-publish","format-standard","has-post-thumbnail","hentry","category-mflkarla","category-fotbolti"],"jetpack_sharing_enabled":true,"jetpack_featured_media_url":"https:\/\/fram.is\/wp-content\/uploads\/2013\/01\/KristinnIngi1.jpg","_links":{"self":[{"href":"https:\/\/fram.is\/is\/wp-json\/wp\/v2\/posts\/1346","targetHints":{"allow":["GET"]}}],"collection":[{"href":"https:\/\/fram.is\/is\/wp-json\/wp\/v2\/posts"}],"about":[{"href":"https:\/\/fram.is\/is\/wp-json\/wp\/v2\/types\/post"}],"author":[{"embeddable":true,"href":"https:\/\/fram.is\/is\/wp-json\/wp\/v2\/users\/3"}],"replies":[{"embeddable":true,"href":"https:\/\/fram.is\/is\/wp-json\/wp\/v2\/comments?post=1346"}],"version-history":[{"count":0,"href":"https:\/\/fram.is\/is\/wp-json\/wp\/v2\/posts\/1346\/revisions"}],"wp:featuredmedia":[{"embeddable":true,"href":"https:\/\/fram.is\/is\/wp-json\/wp\/v2\/media\/1348"}],"wp:attachment":[{"href":"https:\/\/fram.is\/is\/wp-json\/wp\/v2\/media?parent=1346"}],"wp:term":[{"taxonomy":"category","embeddable":true,"href":"https:\/\/fram.is\/is\/wp-json\/wp\/v2\/categories?post=1346"},{"taxonomy":"post_tag","embeddable":true,"href":"https:\/\/fram.is\/is\/wp-json\/wp\/v2\/tags?post=1346"}],"curies":[{"name":"wp","href":"https:\/\/api.w.org\/{rel}","templated":true}]}}