{"id":13587,"date":"2016-07-11T15:32:54","date_gmt":"2016-07-11T15:32:54","guid":{"rendered":"http:\/\/fram.is\/?p=13587"},"modified":"2016-07-11T15:32:54","modified_gmt":"2016-07-11T15:32:54","slug":"fram-open-2016-skraning-er-hafinn","status":"publish","type":"post","link":"https:\/\/fram.is\/is\/2016\/07\/11\/fram-open-2016-skraning-er-hafinn\/","title":{"rendered":"FRAM Open 2016 skr\u00e1ning er hafinn"},"content":{"rendered":"<p><a href=\"http:\/\/fram.is\/is\/?attachment_id=13588\"><img fetchpriority=\"high\" decoding=\"async\" class=\"alignright size-full wp-image-13588\" src=\"http:\/\/fram.is\/wp-content\/uploads\/2016\/07\/FRAM-Open-2016-1.jpg\" alt=\"FRAM Open 2016 1\" width=\"1000\" height=\"719\" \/><\/a><br \/>\nFRAM Open hefur \u00ed gegnum t\u00ed\u00f0ina einkennst af gle\u00f0i, glaumi og snilldartil\u00ferifum l\u00e6r\u00f0ra sem leikinna. M\u00f3ti\u00f0 er opi\u00f0 \u00f6llum Fr\u00f6murum og velunnurum f\u00e9lagsins. Stemmningin sem skapast hefur \u00e1 FRAM Open gerir \u00fea\u00f0 a\u00f0 verkum a\u00f0 gefa m\u00e6tti \u00fat r\u00edkis\u00e1byrg\u00f0 fyrir skemmtilegum f\u00e9lagsskap en m\u00f3ti\u00f0 t\u00f3kst fr\u00e1b\u00e6rlega \u00ed fyrra.<\/p>\n<p>FRAM Open 2016 fer fram \u00e1 golfvellinum \u00d6ndver\u00f0arnesi f\u00f6studaginn 5. \u00e1g\u00fast og hefst klukkan 13:00. \u00a0Hyggilegt er a\u00f0 \u00fe\u00e1tttakendur s\u00e9u m\u00e6ttir \u00e1 sv\u00e6\u00f0i\u00f0 45 m\u00edn\u00fatum fyrr. R\u00e6st ver\u00f0ur \u00fat \u00e1 \u00f6llum teigum kl. 13:00.<\/p>\n<p>Skr\u00e1ning er hafin \u00ed s\u00edma 533-5600 e\u00f0a \u00e1\u00a0<a href=\"mailto:ludvik@fram.is\">ludvik@fram.is<\/a><br \/>\nAthugi\u00f0 a\u00f0 \u00fea\u00f0 sem koma \u00fearf fram \u00ed skr\u00e1ningu er:<\/p>\n<p><strong>Nafn leikmanns<\/strong><br \/>\n<strong>Kennitala leikmanns<\/strong><br \/>\n<strong>Forgj\u00f6f leikmanns\u00a0<\/strong><br \/>\n<strong>\u00d3sk um a\u00f0 leika \u00ed holli me\u00f0 ?<\/strong><\/p>\n<p><strong>Netfang allra \u00fe\u00e1ttakenda<\/strong><\/p>\n<p><strong>Keppnisgjaldi\u00f0 er kr. 8.500.- og \u00fearf a\u00f0 grei\u00f0a vi\u00f0 skr\u00e1ningu.<\/strong><strong>\u00a0<\/strong><\/p>\n<p><strong>Veitt ver\u00f0a eftirfarandi ver\u00f0laun:<\/strong><\/p>\n<p>N\u00e1ndarver\u00f0laun \u00e1 \u00f6llum par 3 brautum<\/p>\n<p>Lengsta drive karla og kvenna<\/p>\n<p>Flottasti b\u00faningur karla og kvenna<\/p>\n<p>1.S\u00e6ti \u00ed h\u00f6ggleik karla og kvenna<\/p>\n<p>Fyrstu 3 s\u00e6tin \u00ed\u00a0 punktakeppni karla og kvenna (ath sami einstaklingur getur ekki fengi\u00f0 ver\u00f0laun \u00ed h\u00f6ggleik og punktaleik)<\/p>\n<p>Besta n\u00fdting vallar<\/p>\n<p>Dregi\u00f0 \u00far skorkortum hj\u00e1 \u00feeim sem ekki hafa unni\u00f0 ver\u00f0laun og eru \u00e1 sta\u00f0num vi\u00f0 ver\u00f0launa afhendingu.<\/p>\n<p>H\u00e1marks forgj\u00f6f karla er 24 og 28 hj\u00e1 konum.<\/p>\n<p><strong>Innifali\u00f0 er m\u00f3tsgjald, teiggj\u00f6f og matur eftir m\u00f3t. (Pottr\u00e9ttur a\u00f0 h\u00e6tti koksins).<\/strong><\/p>\n<p><strong>Mikilv\u00e6gt a\u00f0 allir skr\u00e1i sig snemma \u00fev\u00ed m\u00f3ti\u00f0 var fullt \u00ed fyrra.<\/strong><\/p>\n<p><strong>Knattspyrnuf\u00e9lagi\u00f0 FRAM<\/strong><\/p>","protected":false},"excerpt":{"rendered":"<p>FRAM Open hefur \u00ed gegnum t\u00ed\u00f0ina einkennst af gle\u00f0i, glaumi og snilldartil\u00ferifum l\u00e6r\u00f0ra sem leikinna. M\u00f3ti\u00f0 er opi\u00f0 \u00f6llum Fr\u00f6murum og velunnurum f\u00e9lagsins. Stemmningin sem skapast hefur \u00e1 FRAM Open [&hellip;]<\/p>","protected":false},"author":4,"featured_media":13589,"comment_status":"open","ping_status":"open","sticky":false,"template":"","format":"standard","meta":{"_monsterinsights_skip_tracking":false,"_monsterinsights_sitenote_active":false,"_monsterinsights_sitenote_note":"","_monsterinsights_sitenote_category":0,"_jetpack_memberships_contains_paid_content":false,"footnotes":""},"categories":[8,10],"tags":[],"class_list":["post-13587","post","type-post","status-publish","format-standard","has-post-thumbnail","hentry","category-adalstjorn","category-frettir"],"jetpack_sharing_enabled":true,"jetpack_featured_media_url":"https:\/\/fram.is\/wp-content\/uploads\/2016\/07\/FRAM-Open-2016-vefur.jpg","_links":{"self":[{"href":"https:\/\/fram.is\/is\/wp-json\/wp\/v2\/posts\/13587","targetHints":{"allow":["GET"]}}],"collection":[{"href":"https:\/\/fram.is\/is\/wp-json\/wp\/v2\/posts"}],"about":[{"href":"https:\/\/fram.is\/is\/wp-json\/wp\/v2\/types\/post"}],"author":[{"embeddable":true,"href":"https:\/\/fram.is\/is\/wp-json\/wp\/v2\/users\/4"}],"replies":[{"embeddable":true,"href":"https:\/\/fram.is\/is\/wp-json\/wp\/v2\/comments?post=13587"}],"version-history":[{"count":0,"href":"https:\/\/fram.is\/is\/wp-json\/wp\/v2\/posts\/13587\/revisions"}],"wp:featuredmedia":[{"embeddable":true,"href":"https:\/\/fram.is\/is\/wp-json\/wp\/v2\/media\/13589"}],"wp:attachment":[{"href":"https:\/\/fram.is\/is\/wp-json\/wp\/v2\/media?parent=13587"}],"wp:term":[{"taxonomy":"category","embeddable":true,"href":"https:\/\/fram.is\/is\/wp-json\/wp\/v2\/categories?post=13587"},{"taxonomy":"post_tag","embeddable":true,"href":"https:\/\/fram.is\/is\/wp-json\/wp\/v2\/tags?post=13587"}],"curies":[{"name":"wp","href":"https:\/\/api.w.org\/{rel}","templated":true}]}}