{"id":13602,"date":"2016-07-13T00:05:59","date_gmt":"2016-07-13T00:05:59","guid":{"rendered":"http:\/\/fram.is\/?p=13602"},"modified":"2016-07-13T00:05:59","modified_gmt":"2016-07-13T00:05:59","slug":"tap-a-eskifirdi-i-kvold","status":"publish","type":"post","link":"https:\/\/fram.is\/is\/2016\/07\/13\/tap-a-eskifirdi-i-kvold\/","title":{"rendered":"Tap \u00e1 Eskifir\u00f0i \u00ed kv\u00f6ld"},"content":{"rendered":"<p><a href=\"http:\/\/fram.is\/is\/?attachment_id=13603\"><img fetchpriority=\"high\" decoding=\"async\" class=\"alignright size-medium wp-image-13603\" src=\"http:\/\/fram.is\/wp-content\/uploads\/2016\/07\/IMG_4393-300x200.jpg\" alt=\"IMG_4393\" width=\"300\" height=\"200\" \/><\/a>Str\u00e1karnir okkar \u00ed f\u00f3tboltanum flugu austur \u00e1 land \u00ed dag \u00feegar \u00feeir m\u00e6ttu Fjar\u00f0abygg\u00f0 \u00e1 Eskjuvelli \u00ed kv\u00f6ld.\u00a0 Skemmtilegur v\u00f6llur \u00e1 Eskifir\u00f0i.\u00a0 \u00c1si ger\u00f0i \u00ferj\u00e1r breytingar fyrir leikinn \u00ed kv\u00f6ld, Helgi Gu\u00f0j\u00f3ns, Ivan, Parlov og Haukur L\u00e1r komu inn \u00a0og \u00fev\u00ed fr\u00f3\u00f0legt a\u00f0 sj\u00e1 hvort \u00feessar tilf\u00e6rslur v\u00e6ru til b\u00f3ta.<br \/>\nFyrri h\u00e1lfleikur var dauflegur, l\u00edti\u00f0 um f\u00e6ri og li\u00f0in n\u00e1\u00f0um illa a\u00f0 skapa s\u00e9r f\u00e6ri.\u00a0 \u00c1g\u00e6t bar\u00e1tta \u00ed li\u00f0inu en vi\u00f0 n\u00e1\u00f0um ekki a\u00f0 setja mark og sta\u00f0an \u00ed h\u00e1lfleik 0-0. Lj\u00f3st a\u00f0 vi\u00f0 yr\u00f0um a\u00f0 g\u00edra okkur a\u00f0eins upp \u00ed s\u00ed\u00f0ari h\u00e1lfleik.<br \/>\nVi\u00f0 byrju\u00f0um s\u00ed\u00f0ari h\u00e1lfleik ekki n\u00f3gu vel,\u00a0 vi\u00f0 fengum \u00e1 okkur mark \u00e1 58 m\u00edn. sta\u00f0an 1-0.\u00a0\u00a0 Vi\u00f0 vildum svo f\u00e1 v\u00edti sk\u00f6mmu s\u00ed\u00f0ar en d\u00f3mari leiksins var ekki \u00e1 \u00fev\u00ed, \u00fea\u00f0 var v\u00edtafnykur af \u00feessu.\u00a0 \u00cd sta\u00f0 \u00feess a\u00f0 jafna fengum vi\u00f0 \u00e1 okkur anna\u00f0 mark \u00e1 69 m\u00edn. og sta\u00f0an or\u00f0in erfi\u00f0.\u00a0 Helgi Gu\u00f0j\u00f3nsson n\u00e1\u00f0i a\u00f0 laga okkar hlut \u00e1 85 m\u00edn. gott mark en kom kannski ofseint. Vi\u00f0 s\u00f3ttum allt til enda en lokat\u00f6lur \u00ed kv\u00f6ld 2-1 tap.<br \/>\n\u00c9g las um leikinn a\u00f0 munurinn \u00e1 li\u00f0unum \u00ed kv\u00f6ld hef\u00f0i veri\u00f0 a\u00f0 \u00feeir n\u00fdttu f\u00e6rin \u00a0en vi\u00f0 ekki.\u00a0 \u00deannig er \u00fea\u00f0 svo oft \u00ed f\u00f3tbolta, \u00fea\u00f0 \u00fearf a\u00f0 skora til a\u00f0 vinna leiki e\u00f0a f\u00e1 ekki \u00e1 sig m\u00f6rk, ekki fl\u00f3kin formula en getur veri\u00f0 sn\u00fai\u00f0.\u00a0 \u00dea\u00f0 var erfitt \u00a0fyrir okkur a\u00f0 tapa \u00feessum lei k en vi\u00f0 ver\u00f0um bara a\u00f0 sn\u00faa saman b\u00f6kum og undirb\u00faa okkur vel fyrir n\u00e6sta leik.\u00a0 Vi\u00f0 f\u00e1um vi\u00f0 Grindav\u00edk \u00ed heims\u00f3kn \u00ed\u00a0 Laugardalinn \u00e1 laugardag, fj\u00f6lmennum og sty\u00f0jum str\u00e1kana.<\/p>\n<p>\u00c1FRAM FRAM<\/p>","protected":false},"excerpt":{"rendered":"<p>Str\u00e1karnir okkar \u00ed f\u00f3tboltanum flugu austur \u00e1 land \u00ed dag \u00feegar \u00feeir m\u00e6ttu Fjar\u00f0abygg\u00f0 \u00e1 Eskjuvelli \u00ed kv\u00f6ld.\u00a0 Skemmtilegur v\u00f6llur \u00e1 Eskifir\u00f0i.\u00a0 \u00c1si ger\u00f0i \u00ferj\u00e1r breytingar fyrir leikinn \u00ed kv\u00f6ld, [&hellip;]<\/p>","protected":false},"author":4,"featured_media":13576,"comment_status":"open","ping_status":"open","sticky":false,"template":"","format":"standard","meta":{"_monsterinsights_skip_tracking":false,"_monsterinsights_sitenote_active":false,"_monsterinsights_sitenote_note":"","_monsterinsights_sitenote_category":0,"_jetpack_memberships_contains_paid_content":false,"footnotes":""},"categories":[11,9],"tags":[],"class_list":["post-13602","post","type-post","status-publish","format-standard","has-post-thumbnail","hentry","category-mflkarla","category-fotbolti"],"jetpack_sharing_enabled":true,"jetpack_featured_media_url":"https:\/\/fram.is\/wp-content\/uploads\/2016\/07\/FRAM-Selfoss-vefur-1-scaled.jpg","_links":{"self":[{"href":"https:\/\/fram.is\/is\/wp-json\/wp\/v2\/posts\/13602","targetHints":{"allow":["GET"]}}],"collection":[{"href":"https:\/\/fram.is\/is\/wp-json\/wp\/v2\/posts"}],"about":[{"href":"https:\/\/fram.is\/is\/wp-json\/wp\/v2\/types\/post"}],"author":[{"embeddable":true,"href":"https:\/\/fram.is\/is\/wp-json\/wp\/v2\/users\/4"}],"replies":[{"embeddable":true,"href":"https:\/\/fram.is\/is\/wp-json\/wp\/v2\/comments?post=13602"}],"version-history":[{"count":0,"href":"https:\/\/fram.is\/is\/wp-json\/wp\/v2\/posts\/13602\/revisions"}],"wp:featuredmedia":[{"embeddable":true,"href":"https:\/\/fram.is\/is\/wp-json\/wp\/v2\/media\/13576"}],"wp:attachment":[{"href":"https:\/\/fram.is\/is\/wp-json\/wp\/v2\/media?parent=13602"}],"wp:term":[{"taxonomy":"category","embeddable":true,"href":"https:\/\/fram.is\/is\/wp-json\/wp\/v2\/categories?post=13602"},{"taxonomy":"post_tag","embeddable":true,"href":"https:\/\/fram.is\/is\/wp-json\/wp\/v2\/tags?post=13602"}],"curies":[{"name":"wp","href":"https:\/\/api.w.org\/{rel}","templated":true}]}}