{"id":13780,"date":"2016-08-12T22:03:37","date_gmt":"2016-08-12T22:03:37","guid":{"rendered":"http:\/\/fram.is\/?p=13780"},"modified":"2016-08-12T22:03:37","modified_gmt":"2016-08-12T22:03:37","slug":"fram-sigur-i-fyrsta-leik-reykjavikurmotsins-i-handbolta","status":"publish","type":"post","link":"https:\/\/fram.is\/is\/2016\/08\/12\/fram-sigur-i-fyrsta-leik-reykjavikurmotsins-i-handbolta\/","title":{"rendered":"FRAM sigur \u00ed fyrsta leik Reykjav\u00edkurm\u00f3tsins \u00ed handbolta"},"content":{"rendered":"<p><a href=\"http:\/\/fram.is\/is\/2016\/07\/andri-thor-helgason-og-valdimar-sigurdsson-skrifa-undir-vid-fram\/andri-thor-gummi-og-valdi\/\"><img decoding=\"async\" class=\"alignright size-medium wp-image-13683\" src=\"http:\/\/fram.is\/wp-content\/uploads\/2016\/07\/Andri-\u00de\u00f3r-Gummi-og-Valdi-300x162.png\" alt=\"Andri \u00de\u00f3r, Gummi og Valdi\" width=\"300\" height=\"162\" \/><\/a>Reykjav\u00edkurm\u00f3ti\u00f0 \u00ed handbolta h\u00f3fst hj\u00e1 okkur \u00ed FRAM \u00ed kv\u00f6ld me\u00f0 leik mfl. karla gegn V\u00edkingi \u00ed V\u00edkinni. \u00dea\u00f0 hefur ekki fari\u00f0 miki\u00f0 fyrir \u00feessu m\u00f3ti og \u00f3tr\u00falegt hva\u00f0 HS\u00cd sinni \u00feessari \u00ed\u00fer\u00f3tt\/m\u00f3ti \u00a0illa, felur sig baka vi\u00f0 \u00fea\u00f0 a\u00f0 \u00feetta s\u00e9 m\u00f3t \u00e1 vegum HKRR ? Hva\u00f0an koma flest handboltaf\u00e9l\u00f6g \u00e1 \u00cdslandi, Reykjav\u00edk, HS\u00cd \u00e1 a\u00f0 sj\u00e1 um \u00f6ll handboltam\u00f3t \u00e1 \u00cdslandi, birta um \u00fe\u00e6r augl\u00fdsingar, uppl\u00fdsingar um leikt\u00edma og \u00farslit. \u00a0Sj\u00e1 um a\u00f0 senda uppl\u00fdsingar \u00e1 fj\u00f6lmi\u00f0la osfv.\u00a0 \u00c1 hsi.is ekkert a\u00f0 fr\u00e9tta, \u00a0Fimmeinn ekkert a\u00f0 fr\u00e9tta, \u00a0\u00e9g held a\u00f0 handboltinn \u00feurfi a\u00f0 fara a\u00f0 sko\u00f0a s\u00edn m\u00e1l, \u00feetta er n\u00fa bara m\u00edn upplifum \u00ed dag. Ver\u00f0 a\u00f0 taka \u00e1 mig s\u00f6k l\u00edka \u00fev\u00ed \u00e9g vissi ekki a\u00f0 m\u00f3ti\u00f0 v\u00e6ri hafi\u00f0 fyrr en \u00ed dag. Enginn augl\u00fdsing \u00e1 fram.is samt er \u00e9g oftast \u00ed innsta hring, en var \u00ed fr\u00edi.\u00a0 Skammast m\u00edn hreinlega fyrir h\u00f6nd handboltans.<br \/>\nLeikurinn \u00ed kv\u00f6ld var au\u00f0vita\u00f0 eins og vi\u00f0 var a\u00f0 b\u00faast haustbragur \u00e1 \u00f6llum, jafnt til a\u00f0 byrja me\u00f0 og li\u00f0in skiptust \u00e1 \u00fev\u00ed a\u00f0 hafa forrustu.\u00a0 Ekki miki\u00f0 skora\u00f0 \u00ed fyrri h\u00e1lfleik sta\u00f0an \u00ed h\u00e1lfleik 11-11. Okkar li\u00f0 hefur l\u00edti\u00f0 spila\u00f0 saman og margir sem \u00e6tlu\u00f0u a\u00f0 sanna sig.<br \/>\nS\u00ed\u00f0ari h\u00e1lfleikur var skemmtilegur miki\u00f0 fj\u00f6r og m\u00f6rg mist\u00f6k \u00e1 alla kanta.\u00a0 Li\u00f0in skiptust \u00e1 a\u00f0 hafa forrustu vi\u00f0 heldur betri framan af en svo var allt jafnt.\u00a0 \u00deegar 20 sek. voru eftir \u00fe\u00e1 var jafnt V\u00e6karar me\u00f0 boltann, vi\u00f0 unnnum af \u00feeim boltann og n\u00e1\u00f0um a\u00f0 setja mark \u00e1 loka sek. \u00feegar Valdldimar Sigur\u00f0sson \u00a0f\u00e9kk boltann og smellti honum \u00ed neti\u00f0.\u00a0 Lokat\u00f6lur 25-26, flottur sigur \u00ed fyrsta leiks t\u00edmabilsins.<br \/>\nLeikur okkar \u00ed dag bygg\u00f0ist miki\u00f0 upp \u00e1 einstaklings framtaki vanta\u00f0i upp \u00e1 li\u00f0sheild en \u00feegar \u00fea\u00f0 dettur inn sem \u00fea\u00f0 mun gera \u00fe\u00e1 ver\u00f0um vi\u00f0 me\u00f0 gott li\u00f0. Vi\u00f0 erum nefnilega a\u00f0 g\u00f3\u00f0an h\u00f3p sem \u00e1 eftir a\u00f0 gera g\u00f3\u00f0a hluti, muni\u00f0 mig um \u00fea\u00f0. G\u00f3\u00f0 byrjun \u00e1 g\u00f3\u00f0um vetri.<br \/>\nN\u00e6sti leikur er gegn Fj\u00f6lni \u00ed n\u00e6stu viku sj\u00e1umst \u00fe\u00e1.<\/p>\n<p>\u00c1FRAM FRAM<\/p>","protected":false},"excerpt":{"rendered":"<p>Reykjav\u00edkurm\u00f3ti\u00f0 \u00ed handbolta h\u00f3fst hj\u00e1 okkur \u00ed FRAM \u00ed kv\u00f6ld me\u00f0 leik mfl. karla gegn V\u00edkingi \u00ed V\u00edkinni. \u00dea\u00f0 hefur ekki fari\u00f0 miki\u00f0 fyrir \u00feessu m\u00f3ti og \u00f3tr\u00falegt hva\u00f0 HS\u00cd [&hellip;]<\/p>","protected":false},"author":4,"featured_media":11834,"comment_status":"open","ping_status":"open","sticky":false,"template":"","format":"standard","meta":{"_monsterinsights_skip_tracking":false,"_monsterinsights_sitenote_active":false,"_monsterinsights_sitenote_note":"","_monsterinsights_sitenote_category":0,"_jetpack_memberships_contains_paid_content":false,"footnotes":""},"categories":[6,19],"tags":[],"class_list":["post-13780","post","type-post","status-publish","format-standard","has-post-thumbnail","hentry","category-handbolti","category-mfl-karla"],"jetpack_sharing_enabled":true,"jetpack_featured_media_url":"https:\/\/fram.is\/wp-content\/uploads\/2015\/11\/Siggi-gegn-ir-vefur.jpg","_links":{"self":[{"href":"https:\/\/fram.is\/is\/wp-json\/wp\/v2\/posts\/13780","targetHints":{"allow":["GET"]}}],"collection":[{"href":"https:\/\/fram.is\/is\/wp-json\/wp\/v2\/posts"}],"about":[{"href":"https:\/\/fram.is\/is\/wp-json\/wp\/v2\/types\/post"}],"author":[{"embeddable":true,"href":"https:\/\/fram.is\/is\/wp-json\/wp\/v2\/users\/4"}],"replies":[{"embeddable":true,"href":"https:\/\/fram.is\/is\/wp-json\/wp\/v2\/comments?post=13780"}],"version-history":[{"count":0,"href":"https:\/\/fram.is\/is\/wp-json\/wp\/v2\/posts\/13780\/revisions"}],"wp:featuredmedia":[{"embeddable":true,"href":"https:\/\/fram.is\/is\/wp-json\/wp\/v2\/media\/11834"}],"wp:attachment":[{"href":"https:\/\/fram.is\/is\/wp-json\/wp\/v2\/media?parent=13780"}],"wp:term":[{"taxonomy":"category","embeddable":true,"href":"https:\/\/fram.is\/is\/wp-json\/wp\/v2\/categories?post=13780"},{"taxonomy":"post_tag","embeddable":true,"href":"https:\/\/fram.is\/is\/wp-json\/wp\/v2\/tags?post=13780"}],"curies":[{"name":"wp","href":"https:\/\/api.w.org\/{rel}","templated":true}]}}