{"id":13825,"date":"2016-08-23T09:29:50","date_gmt":"2016-08-23T09:29:50","guid":{"rendered":"http:\/\/fram.is\/?p=13825"},"modified":"2016-08-23T09:29:50","modified_gmt":"2016-08-23T09:29:50","slug":"vel-heppnad-fotboltamot-fram-um-helgina","status":"publish","type":"post","link":"https:\/\/fram.is\/is\/2016\/08\/23\/vel-heppnad-fotboltamot-fram-um-helgina\/","title":{"rendered":"Vel heppna\u00f0 f\u00f3tboltam\u00f3t FRAM um helgina"},"content":{"rendered":"<p><a href=\"http:\/\/fram.is\/is\/?attachment_id=13827\"><img fetchpriority=\"high\" decoding=\"async\" class=\"alignright size-medium wp-image-13827\" src=\"http:\/\/fram.is\/wp-content\/uploads\/2016\/08\/M\u00f3t-II-300x169.jpg\" alt=\"M\u00f3t II\" width=\"300\" height=\"169\" \/><\/a><a href=\"http:\/\/fram.is\/is\/?attachment_id=13828\"><img decoding=\"async\" class=\"alignright size-full wp-image-13828\" src=\"http:\/\/fram.is\/wp-content\/uploads\/2016\/08\/D\u00f3m\u00edn\u00f3s.jpg\" alt=\"D\u00f3m\u00edn\u00f3s\" width=\"160\" height=\"160\" \/><\/a><a href=\"http:\/\/fram.is\/is\/?attachment_id=13829\"><img decoding=\"async\" class=\"alignright size-full wp-image-13829\" src=\"http:\/\/fram.is\/wp-content\/uploads\/2016\/08\/Capr\u00ed.jpg\" alt=\"Capr\u00ed\" width=\"187\" height=\"160\" \/><\/a><a href=\"http:\/\/fram.is\/is\/?attachment_id=13826\"><img loading=\"lazy\" decoding=\"async\" class=\"alignright size-medium wp-image-13826\" src=\"http:\/\/fram.is\/wp-content\/uploads\/2016\/08\/M\u00f3t-300x169.jpg\" alt=\"M\u00f3t\" width=\"300\" height=\"169\" \/><\/a>Um helgina h\u00e9lt BUR Knattspyrnudeildar Fram m\u00f3t fyrir 6. flokk drengja en \u00ed 6. flokki eru drengir f\u00e6ddir 2006 og 2007.\u00a0 Li\u00f0 fr\u00e1 fj\u00f3rum f\u00e9l\u00f6gum t\u00f3ku \u00fe\u00e1tt a\u00f0 \u00feessu sinni \u00fea\u00f0 er a\u00f0 segja Haukum, HK, \u00cdA auk Fram.\u00a0 Leiki\u00f0 far \u00ed \u00feremur tveggja t\u00edma h\u00f3pum \u00fear sem leiki\u00f0 var \u00e1 5 v\u00f6llum og \u00e1 milli leikja g\u00e1tu \u00fe\u00e1tttakendur spreytt sig \u00e1 \u00ferautum og unni\u00f0 til ver\u00f0launa me\u00f0 \u00fev\u00ed a\u00f0 skj\u00f3ta ni\u00f0ur keilur e\u00f0a skora hj\u00e1 markv\u00f6r\u00f0um 3. flokks en \u00feeir st\u00f3\u00f0u vaktina fr\u00e1 kl.10 til 16. Leiki\u00f0 var \u00ed bl\u00f6ndu\u00f0um li\u00f0um og en ekki \u00ed styrkleikaflokkum og voru \u00fev\u00ed allir sigurvegarar \u00ed m\u00f3tslok.<\/p>\n<p>\u00de\u00e1tttakendur voru um 300 talsins og voru allir \u00fe\u00e1tttakendur leystur \u00fat me\u00f0 veglegum vi\u00f0urkenningum \u00ed m\u00f3tslok fr\u00e1 okkar fr\u00e1b\u00e6ru styrktara\u00f0ilum Dominos Pizza og Capri Sun fr\u00e1 Innnes auk \u00feess voru grilla\u00f0ar voru pylsur ofan \u00ed allan mannskapinn.<\/p>\n<p>\u00deess m\u00e1 geta a\u00f0 eitt gesta li\u00f0 var fr\u00e1 6. flokki st\u00falkna og st\u00f3\u00f0u \u00fe\u00e6r sig fr\u00e1b\u00e6rlega.<\/p>\n<p>BUR \u00feakkar \u00f6llum \u00feeim sem l\u00f6g\u00f0u h\u00f6nd \u00e1 pl\u00f3ginn og studdu vi\u00f0 baki\u00f0 \u00e1 deildinni \u00e1n \u00feeirra hef\u00f0i \u00feetta m\u00f3t ekki geta or\u00f0i\u00f0 a\u00f0 veruleika.<\/p>\n<p>BUR \u00feakkar einnig \u00feeim f\u00e9l\u00f6gum sem t\u00f3ku \u00fe\u00e1tt \u00ed m\u00f3tinu og vonast til a\u00f0 sj\u00e1 \u00feau aftur a\u00f0 \u00e1ri.<\/p>\n<p>Hlekkur \u00e1 myndir fr\u00e1 m\u00f3tinu. <a href=\"https:\/\/photos.google.com\/share\/AF1QipO91bytp_t2qEhjYiAsDnR1wdfNn0Dw4REkkvhIWSOX4VipdHg84pGTdsI9kJcxXw?key=dnljNW5iMWtQWFNkZjdzZHhvSkdlbENCMjhwQmRn\" target=\"_blank\" rel=\"noopener\">https:\/\/photos.google.com\/share\/AF1QipO91bytp_t2qEhjYiAsDnR1wdfNn0Dw4REkkvhIWSOX4VipdHg84pGTdsI9kJcxXw?key=dnljNW5iMWtQWFNkZjdzZHhvSkdlbENCMjhwQmRn<\/a><\/p>","protected":false},"excerpt":{"rendered":"<p>Um helgina h\u00e9lt BUR Knattspyrnudeildar Fram m\u00f3t fyrir 6. flokk drengja en \u00ed 6. flokki eru drengir f\u00e6ddir 2006 og 2007.\u00a0 Li\u00f0 fr\u00e1 fj\u00f3rum f\u00e9l\u00f6gum t\u00f3ku \u00fe\u00e1tt a\u00f0 \u00feessu sinni [&hellip;]<\/p>","protected":false},"author":4,"featured_media":13830,"comment_status":"open","ping_status":"open","sticky":false,"template":"","format":"standard","meta":{"_monsterinsights_skip_tracking":false,"_monsterinsights_sitenote_active":false,"_monsterinsights_sitenote_note":"","_monsterinsights_sitenote_category":0,"_jetpack_memberships_contains_paid_content":false,"footnotes":""},"categories":[9,13],"tags":[],"class_list":["post-13825","post","type-post","status-publish","format-standard","has-post-thumbnail","hentry","category-fotbolti","category-yngriflokkar"],"jetpack_sharing_enabled":true,"jetpack_featured_media_url":"https:\/\/fram.is\/wp-content\/uploads\/2016\/08\/M\u00f3t-vefur.jpg","_links":{"self":[{"href":"https:\/\/fram.is\/is\/wp-json\/wp\/v2\/posts\/13825","targetHints":{"allow":["GET"]}}],"collection":[{"href":"https:\/\/fram.is\/is\/wp-json\/wp\/v2\/posts"}],"about":[{"href":"https:\/\/fram.is\/is\/wp-json\/wp\/v2\/types\/post"}],"author":[{"embeddable":true,"href":"https:\/\/fram.is\/is\/wp-json\/wp\/v2\/users\/4"}],"replies":[{"embeddable":true,"href":"https:\/\/fram.is\/is\/wp-json\/wp\/v2\/comments?post=13825"}],"version-history":[{"count":0,"href":"https:\/\/fram.is\/is\/wp-json\/wp\/v2\/posts\/13825\/revisions"}],"wp:featuredmedia":[{"embeddable":true,"href":"https:\/\/fram.is\/is\/wp-json\/wp\/v2\/media\/13830"}],"wp:attachment":[{"href":"https:\/\/fram.is\/is\/wp-json\/wp\/v2\/media?parent=13825"}],"wp:term":[{"taxonomy":"category","embeddable":true,"href":"https:\/\/fram.is\/is\/wp-json\/wp\/v2\/categories?post=13825"},{"taxonomy":"post_tag","embeddable":true,"href":"https:\/\/fram.is\/is\/wp-json\/wp\/v2\/tags?post=13825"}],"curies":[{"name":"wp","href":"https:\/\/api.w.org\/{rel}","templated":true}]}}