{"id":13855,"date":"2016-08-25T12:50:46","date_gmt":"2016-08-25T12:50:46","guid":{"rendered":"http:\/\/fram.is\/?p=13855"},"modified":"2016-08-25T12:50:46","modified_gmt":"2016-08-25T12:50:46","slug":"zeljko-oskar-sankovic-og-vigfus-geir-juliusson-radnir-yfirthjalfarar-fram","status":"publish","type":"post","link":"https:\/\/fram.is\/is\/2016\/08\/25\/zeljko-oskar-sankovic-og-vigfus-geir-juliusson-radnir-yfirthjalfarar-fram\/","title":{"rendered":"Zeljko \u00d3skar Sankovic og Vigf\u00fas Geir J\u00fal\u00edusson r\u00e1\u00f0nir yfir\u00fej\u00e1lfarar Fram"},"content":{"rendered":"<p><a href=\"http:\/\/fram.is\/is\/?attachment_id=13856\"><img fetchpriority=\"high\" decoding=\"async\" class=\"alignright size-medium wp-image-13856\" src=\"http:\/\/fram.is\/wp-content\/uploads\/2016\/08\/Selko-og-J\u00falli-god-300x261.jpg\" alt=\"Selko og J\u00falli god\" width=\"300\" height=\"261\" \/><\/a><a href=\"http:\/\/fram.is\/is\/?attachment_id=13857\"><img decoding=\"async\" class=\"alignright size-medium wp-image-13857\" src=\"http:\/\/fram.is\/wp-content\/uploads\/2016\/08\/Vigf\u00fas-og-J\u00fall\u00ed-god-300x261.jpg\" alt=\"Vigf\u00fas og J\u00fall\u00ed god\" width=\"300\" height=\"261\" \/><\/a>\u00deeir Zeljko \u00d3skar Sankovic og Vigf\u00fas Geir J\u00fal\u00edusson hafa veri\u00f0 r\u00e1\u00f0nir sem yfir\u00fej\u00e1lfarar hj\u00e1 yngri flokkum Fram. \u00deeir taka vi\u00f0 starfinu af Halld\u00f3ri \u00de Halld\u00f3rssyni sem veri\u00f0 hefur yfir\u00fej\u00e1lfari yngri flokka f\u00e9lagsins fr\u00e1 \u00fev\u00ed s.l. haust. Zeljko \u00d3skar ver\u00f0ur yfir\u00fej\u00e1lfari \u00ed 11 manna boltanum og Vigf\u00fas Geir ver\u00f0ur yfir\u00fej\u00e1lfari \u00ed 7 manna boltanum.<\/p>\n<p>Zeljko \u00d3skar hefur starfa\u00f0 sem a\u00f0sto\u00f0ar\u00fej\u00e1lfari hj\u00e1 meistarflokki f\u00e9lagsins \u00e1 \u00feessu t\u00edmabili \u00e1samt \u00fev\u00ed a\u00f0 vera afreks\u00fej\u00e1lfari akadem\u00edu Fram. Zeljko \u00d3skar hefur v\u00ed\u00f0t\u00e6ka reynslu og menntun \u00far knattspyrnunni. A\u00f0 loknum knattspyrnuferli s\u00ednum t\u00f3k hann h\u00e1sk\u00f3lapr\u00f3f \u00ed \u00fej\u00e1lfunarfr\u00e6\u00f0um og hefur h\u00e6stu gr\u00e1\u00f0u menntunar sem knattspyrnu\u00fej\u00e1lfari (UEFA PRO). Zeljko \u00d3skar er vel \u00feekktur innan knattspyrnuhreyfingarinnar h\u00e9r \u00e1 landi, en hann flutti fyrst til \u00cdslands \u00e1ri\u00f0 1997 og hefur \u00fej\u00e1lfa\u00f0 hj\u00e1 li\u00f0um, B\u00cd, \u00cdBV, Vals, V\u00edkings, Grindav\u00edkur, HK, Brei\u00f0abliks og Fram. Auk \u00feess hefur hann \u00fej\u00e1lfa\u00f0 hj\u00e1 li\u00f0um \u00ed fyrrum J\u00fag\u00f3slav\u00edu og veri\u00f0 \u00ed \u00fej\u00e1lfara teymi yngri landsli\u00f0a Serb\u00edu.<\/p>\n<p>Vigf\u00fas Geir, sem er me\u00f0 UEFA B gr\u00e1\u00f0u (er a\u00f0 taka UEFA A gr\u00e1\u00f0una), er borinn og barnf\u00e6ddur Framari sem \u00e6f\u00f0i og spila\u00f0i upp alla yngri flokka f\u00e9lagsins. Hann sn\u00e9ri s\u00e9r ungur a\u00f0 knattspyrnu\u00fej\u00e1lfun hj\u00e1 f\u00e9laginu og hefur \u00fej\u00e1lfa\u00f0 hj\u00e1 Fram \u00ed 10 \u00e1r vi\u00f0 g\u00f3\u00f0an or\u00f0st\u00fdr. Vigf\u00fas Geir hefur veri\u00f0 natinn vi\u00f0 a\u00f0 bridda upp \u00e1 g\u00f3\u00f0um hugmyndum og hrint \u00ed framkv\u00e6md \u00ed yngriflokkastarfinu hj\u00e1 Fram. Ein af \u00feeim er 6. flokks bo\u00f0sm\u00f3t Fram sem hefur veri\u00f0 haldi\u00f0 s.l. tv\u00f6 \u00e1r vi\u00f0 mikla \u00e1n\u00e6gju 6. flokks drengja og foreldra \u00feeirra.<\/p>\n<p>Me\u00f0 \u00fev\u00ed a\u00f0 skipta yfir\u00fej\u00e1lfarast\u00f6\u00f0unni upp \u00ed tv\u00f6 st\u00f6\u00f0ugildi vonast stj\u00f3rn barna- og unglingar\u00e1\u00f0 Fram til a\u00f0 utanum hald vi\u00f0 flokkana ver\u00f0i betra og markvissara. Yfir\u00fej\u00e1lfarar munu starfa n\u00e1i\u00f0 og markvisst saman a\u00f0 skipulagi \u00fej\u00e1lfunnar \u00ed yngri flokkum Fram.<\/p>\n<p>Stj\u00f3rn barna- og unglingar\u00e1\u00f0s Fram b\u00fd\u00f0ur \u00fe\u00e1 Zeljko \u00d3skar og Vigf\u00fas Geir velkomna til starfa &#8211; og \u00feakkar um lei\u00f0 fr\u00e1farandi yfir\u00fej\u00e1lfara fyrir hans starf hj\u00e1 f\u00e9laginu og \u00f3skar honum velfarna\u00f0ar \u00ed framt\u00ed\u00f0inni.<\/p>\n<p>\u00c1fram Fram<\/p>","protected":false},"excerpt":{"rendered":"<p>\u00deeir Zeljko \u00d3skar Sankovic og Vigf\u00fas Geir J\u00fal\u00edusson hafa veri\u00f0 r\u00e1\u00f0nir sem yfir\u00fej\u00e1lfarar hj\u00e1 yngri flokkum Fram. \u00deeir taka vi\u00f0 starfinu af Halld\u00f3ri \u00de Halld\u00f3rssyni sem veri\u00f0 hefur yfir\u00fej\u00e1lfari yngri [&hellip;]<\/p>","protected":false},"author":4,"featured_media":13858,"comment_status":"open","ping_status":"open","sticky":false,"template":"","format":"standard","meta":{"_monsterinsights_skip_tracking":false,"_monsterinsights_sitenote_active":false,"_monsterinsights_sitenote_note":"","_monsterinsights_sitenote_category":0,"_jetpack_memberships_contains_paid_content":false,"footnotes":""},"categories":[9,13],"tags":[],"class_list":["post-13855","post","type-post","status-publish","format-standard","has-post-thumbnail","hentry","category-fotbolti","category-yngriflokkar"],"jetpack_sharing_enabled":true,"jetpack_featured_media_url":"https:\/\/fram.is\/wp-content\/uploads\/2016\/08\/Selko-og-J\u00falli-vefur-scaled.jpg","_links":{"self":[{"href":"https:\/\/fram.is\/is\/wp-json\/wp\/v2\/posts\/13855","targetHints":{"allow":["GET"]}}],"collection":[{"href":"https:\/\/fram.is\/is\/wp-json\/wp\/v2\/posts"}],"about":[{"href":"https:\/\/fram.is\/is\/wp-json\/wp\/v2\/types\/post"}],"author":[{"embeddable":true,"href":"https:\/\/fram.is\/is\/wp-json\/wp\/v2\/users\/4"}],"replies":[{"embeddable":true,"href":"https:\/\/fram.is\/is\/wp-json\/wp\/v2\/comments?post=13855"}],"version-history":[{"count":0,"href":"https:\/\/fram.is\/is\/wp-json\/wp\/v2\/posts\/13855\/revisions"}],"wp:featuredmedia":[{"embeddable":true,"href":"https:\/\/fram.is\/is\/wp-json\/wp\/v2\/media\/13858"}],"wp:attachment":[{"href":"https:\/\/fram.is\/is\/wp-json\/wp\/v2\/media?parent=13855"}],"wp:term":[{"taxonomy":"category","embeddable":true,"href":"https:\/\/fram.is\/is\/wp-json\/wp\/v2\/categories?post=13855"},{"taxonomy":"post_tag","embeddable":true,"href":"https:\/\/fram.is\/is\/wp-json\/wp\/v2\/tags?post=13855"}],"curies":[{"name":"wp","href":"https:\/\/api.w.org\/{rel}","templated":true}]}}