{"id":13866,"date":"2016-08-25T21:56:08","date_gmt":"2016-08-25T21:56:08","guid":{"rendered":"http:\/\/fram.is\/?p=13866"},"modified":"2016-08-25T21:56:08","modified_gmt":"2016-08-25T21:56:08","slug":"tap-a-getto-ground-i-kvold","status":"publish","type":"post","link":"https:\/\/fram.is\/is\/2016\/08\/25\/tap-a-getto-ground-i-kvold\/","title":{"rendered":"Tap \u00e1 &#8220;gett\u00f3 ground&#8221; \u00ed kv\u00f6ld"},"content":{"rendered":"<p><a href=\"http:\/\/fram.is\/is\/?attachment_id=13867\"><img fetchpriority=\"high\" decoding=\"async\" class=\"alignright size-medium wp-image-13867\" src=\"http:\/\/fram.is\/wp-content\/uploads\/2016\/08\/Leiknir-FRAM-300x225.jpg\" alt=\"Leiknir - FRAM\" width=\"300\" height=\"225\" \/><\/a>Str\u00e1karnir okkar \u00ed f\u00f3tboltanum m\u00e6ttu \u00ed kv\u00f6ld \u00e1 \u201cgett\u00f3 ground\u201d hinn lj\u00f3mandi f\u00edna leikv\u00f6ll Leiknis \u00far Brei\u00f0holti. Frekar f\u00e1tt \u00e1 vellinum og \u00e9g \u00e1tti von \u00e1 meiri stemmingu \u00ed \u00feessu v\u00edgi Brei\u00f0holts.<br \/>\nLeikurinn \u00ed kv\u00f6ld var ekki n\u00f3gu g\u00f3\u00f0ur af okkar h\u00e1lfu, vi\u00f0 bara frekar slakir \u00ed fyrri h\u00e1lfleik og vorum sennilega heppnir a\u00f0 f\u00e1 ekki \u00e1 okkur mark \u00ed h\u00e1lfleiknum. \u00a0\u00a0\u00dea\u00f0 vanta\u00f0i\u00a0 kraft og \u00e1r\u00e6\u00f0ni \u00a0\u00ed li\u00f0i\u00f0, vi\u00f0 ekki mj\u00f6g l\u00edklegir til a\u00f0 skora og einhver deyf\u00f0 yfir li\u00f0inu a\u00f0 m\u00e9r fannst.\u00a0 Sta\u00f0an \u00ed h\u00e1lfleik 0-0.<br \/>\nS\u00ed\u00f0ari h\u00e1lfleikur byrja\u00f0i mun betur og greinilegt a\u00f0 \u00c1si hefur eitthva\u00f0 hrist upp \u00ed mannskapnum. Vi\u00f0 \u00a0vorum mun \u00e1r\u00e6\u00f0nari, spilu\u00f0um boltanum betur og komum okkur \u00ed f\u00e6ri.\u00a0 En \u00fea\u00f0 var svo \u00e1 58 m\u00edn. a\u00f0 vi\u00f0 fengum \u00e1 okkur mark, a\u00f0 m\u00e9r fannst eftir vondan varnarleik, frekar f\u00fallt eftir \u00e1g\u00e6ta byrjun.\u00a0 Vi\u00f0 l\u00e9tum marki\u00f0 ekki sl\u00e1 okkur \u00fat af laginu og h\u00e9ldum \u00e1fram a\u00f0 s\u00e6kja, f\u00ednn kraftur \u00ed okkar li\u00f0i. Vi\u00f0 n\u00e1\u00f0um svo a\u00f0 setja \u00a0mark \u00e1 81 m\u00edn. \u00feegar Orri Gunnarsson kl\u00e1ra\u00f0i g\u00f3\u00f0a \u00a0s\u00f3kn okkar me\u00f0 f\u00f6stu skoti. Flott mark hj\u00e1 str\u00e1kunum.\u00a0 \u00c9g var eiginlega viss um a\u00f0 vi\u00f0 myndum kl\u00e1ra \u00feennan leik, \u00fea\u00f0 f\u00f3r \u00fev\u00ed mi\u00f0ur ekki \u00feannig. Vi\u00f0 fengum \u00e1 okkur frekar \u00f3d\u00fdrt mark og aftur eftir klaufagang \u00ed okkar varnarleik.\u00a0 \u00dea\u00f0 ur\u00f0u svo \u00farslit leiksins, lokat\u00f6lur 2-1.<br \/>\nS\u00fart a\u00f0 tapa \u00feessum leik, vi\u00f0 vorum s\u00edst slakari \u00ed s\u00ed\u00f0ari h\u00e1lfleik og fengum g\u00f3\u00f0 f\u00e6ri sem vi\u00f0 hef\u00f0um \u00e1tt a\u00f0 n\u00fdta. J\u00e1kv\u00e6tt a\u00f0 str\u00e1karnir m\u00e6ttu ferskir \u00ed s\u00ed\u00f0ari h\u00e1lfleikinn og l\u00f6g\u00f0u sig fram.<br \/>\nN\u00e6sti leikur er eftir sl\u00e9tta viku \u00ed Laugardalnum gegn HK, hvetjum FRAMara til a\u00f0 m\u00e6ta og sty\u00f0ja str\u00e1kana.<br \/>\n\u00c1FRAM FRAM<\/p>","protected":false},"excerpt":{"rendered":"<p>Str\u00e1karnir okkar \u00ed f\u00f3tboltanum m\u00e6ttu \u00ed kv\u00f6ld \u00e1 \u201cgett\u00f3 ground\u201d hinn lj\u00f3mandi f\u00edna leikv\u00f6ll Leiknis \u00far Brei\u00f0holti. Frekar f\u00e1tt \u00e1 vellinum og \u00e9g \u00e1tti von \u00e1 meiri stemmingu \u00ed \u00feessu [&hellip;]<\/p>","protected":false},"author":4,"featured_media":13868,"comment_status":"open","ping_status":"open","sticky":false,"template":"","format":"standard","meta":{"_monsterinsights_skip_tracking":false,"_monsterinsights_sitenote_active":false,"_monsterinsights_sitenote_note":"","_monsterinsights_sitenote_category":0,"_jetpack_memberships_contains_paid_content":false,"footnotes":""},"categories":[11,9],"tags":[],"class_list":["post-13866","post","type-post","status-publish","format-standard","has-post-thumbnail","hentry","category-mflkarla","category-fotbolti"],"jetpack_sharing_enabled":true,"jetpack_featured_media_url":"https:\/\/fram.is\/wp-content\/uploads\/2016\/08\/Leiknir-FRAM-vefur.jpg","_links":{"self":[{"href":"https:\/\/fram.is\/is\/wp-json\/wp\/v2\/posts\/13866","targetHints":{"allow":["GET"]}}],"collection":[{"href":"https:\/\/fram.is\/is\/wp-json\/wp\/v2\/posts"}],"about":[{"href":"https:\/\/fram.is\/is\/wp-json\/wp\/v2\/types\/post"}],"author":[{"embeddable":true,"href":"https:\/\/fram.is\/is\/wp-json\/wp\/v2\/users\/4"}],"replies":[{"embeddable":true,"href":"https:\/\/fram.is\/is\/wp-json\/wp\/v2\/comments?post=13866"}],"version-history":[{"count":0,"href":"https:\/\/fram.is\/is\/wp-json\/wp\/v2\/posts\/13866\/revisions"}],"wp:featuredmedia":[{"embeddable":true,"href":"https:\/\/fram.is\/is\/wp-json\/wp\/v2\/media\/13868"}],"wp:attachment":[{"href":"https:\/\/fram.is\/is\/wp-json\/wp\/v2\/media?parent=13866"}],"wp:term":[{"taxonomy":"category","embeddable":true,"href":"https:\/\/fram.is\/is\/wp-json\/wp\/v2\/categories?post=13866"},{"taxonomy":"post_tag","embeddable":true,"href":"https:\/\/fram.is\/is\/wp-json\/wp\/v2\/tags?post=13866"}],"curies":[{"name":"wp","href":"https:\/\/api.w.org\/{rel}","templated":true}]}}