{"id":14054,"date":"2016-09-17T20:51:28","date_gmt":"2016-09-17T20:51:28","guid":{"rendered":"http:\/\/fram.is\/?p=14054"},"modified":"2016-09-17T20:51:28","modified_gmt":"2016-09-17T20:51:28","slug":"godur-sigur-a-fjardabyggd-i-inkassodeildinni","status":"publish","type":"post","link":"https:\/\/fram.is\/is\/2016\/09\/17\/godur-sigur-a-fjardabyggd-i-inkassodeildinni\/","title":{"rendered":"G\u00f3\u00f0ur sigur \u00e1 Fjar\u00f0abygg\u00f0 \u00ed Inkass\u00f3deildinni"},"content":{"rendered":"<p><a href=\"http:\/\/fram.is\/is\/?attachment_id=14056\"><img fetchpriority=\"high\" decoding=\"async\" class=\"alignright size-medium wp-image-14056\" src=\"http:\/\/fram.is\/wp-content\/uploads\/2016\/09\/Ivan-Parlov-300x261.jpg\" alt=\"ivan-parlov\" width=\"300\" height=\"261\" \/><\/a>Str\u00e1karnir okkar \u00ed f\u00f3tboltanum m\u00e6ttu Fjar\u00f0abygg\u00f0 \u00ed s\u00ed\u00f0ast heimaleik okkar \u00e1 \u00feessu t\u00edmabili \u00ed Inkass\u00f3deildinni.\u00a0 \u00dea\u00f0 var sl\u00e6\u00f0ingur \u00e1 vellinum, FRAMherjum bo\u00f0i\u00f0 \u00ed v\u00f6flukaffi \u00ed h\u00e1lfleik og l\u00e9tt yfir f\u00f3lki.<br \/>\nFyrri h\u00e1flleikur var ekkert s\u00e9rlega skemmtilegur, vi\u00f0 \u00ed sm\u00e1 vandr\u00e6\u00f0um \u00e1 k\u00f6flum en leikurinn \u00ed jafnv\u00e6gi.\u00a0 Vi\u00f0 fengum nokkra m\u00f6guleika en ekkert sem vert er a\u00f0 taka fram. Sta\u00f0an \u00ed h\u00e1lfleik 0-0.<br \/>\nVi\u00f0 FRAMarar \u00f3sku\u00f0um eftir meira fj\u00f6ri \u00ed s\u00ed\u00f0ari h\u00e1lfleiki og \u00fea\u00f0 fengum vi\u00f0, \u00fea\u00f0 var mun meira l\u00edf og bar\u00e1tta \u00ed li\u00f0inu, \u00c1si ger\u00f0i breytingar sem virku\u00f0u vel, Ivan Parlov og Alex komu inn og \u00fea\u00f0 breytti leiknum fyrir okkur.\u00a0 Vi\u00f0 fengum reyndar \u00e1 okkur mark \u00e1 61 m\u00edn. sem vi\u00f0 vorum \u00f3s\u00e1ttir vi\u00f0 en \u00e9g veit ekki alveg hvort \u00fea\u00f0 er neitt vi\u00f0 \u00feessu a\u00f0 segja.\u00a0 Allavega eitthva\u00f0 til a\u00f0 r\u00edfast um, \u00fea\u00f0 er lj\u00f3st, svo er \u00a0h\u00e6gt a\u00f0 sko\u00f0a \u00e1 vide\u00f3inu h\u00e9r a\u00f0 ne\u00f0an og meta \u00feetta.\u00a0 Vi\u00f0 n\u00e1\u00f0um a\u00f0 setja gott mark og jafna leikinn \u00e1 76 m\u00edn. \u00feegar Ivan Parlov skalla\u00f0i g\u00f3\u00f0a fyrirgj\u00f6f\u00a0 Arnars Sveins \u00ed marki\u00f0.\u00a0 Vi\u00f0 kl\u00e1ru\u00f0um svo leikinn \u00e1 90 m\u00edn. \u00feegar Ivan Parlov ger\u00f0i sitt anna\u00f0 mark \u00ed leiknum eftir sendinu fr\u00e1 Ivan Bubalo, vel gert hj\u00e1 \u00feeim \u00a0str\u00e1kum.\u00a0 Lokat\u00f6lur 2-1, sigur \u00ed Laugardalnum.<br \/>\nLeikurinn svo sem ekki okkar besti en sigur og str\u00e1karnir voru a\u00f0 leggja sig fram.\u00a0 J\u00e1kv\u00e6tt a\u00f0 spila ekkert s\u00e9rstaklega vel en vinna og mj\u00f6g j\u00e1kv\u00e6tt a\u00f0 koma sterkari inn \u00ed s\u00ed\u00f0ari h\u00e1lfleikinn.<br \/>\nFlottur sigur, vel gert str\u00e1kar.<br \/>\nN\u00e6sti leikur og okkar s\u00ed\u00f0asti \u00e1 \u00feessu sumri ver\u00f0ur \u00e1 laugardag \u00ed Grindav\u00edk, sj\u00e1umst \u00fe\u00e1.<\/p>\n<p>\u00c1FRAM FRAM<br \/>\nM\u00f6rkin \u00ed leiknum er h\u00e6gt a\u00f0 sj\u00e1 h\u00e9rna <a href=\"https:\/\/www.youtube.com\/watch?v=y9AWaM1HXaI&amp;feature=youtu.be\" target=\"_blank\" rel=\"noopener\">https:\/\/www.youtube.com\/watch?v=y9AWaM1HXaI&amp;feature=youtu.be<\/a><\/p>","protected":false},"excerpt":{"rendered":"<p>Str\u00e1karnir okkar \u00ed f\u00f3tboltanum m\u00e6ttu Fjar\u00f0abygg\u00f0 \u00ed s\u00ed\u00f0ast heimaleik okkar \u00e1 \u00feessu t\u00edmabili \u00ed Inkass\u00f3deildinni.\u00a0 \u00dea\u00f0 var sl\u00e6\u00f0ingur \u00e1 vellinum, FRAMherjum bo\u00f0i\u00f0 \u00ed v\u00f6flukaffi \u00ed h\u00e1lfleik og l\u00e9tt yfir f\u00f3lki. [&hellip;]<\/p>","protected":false},"author":4,"featured_media":14062,"comment_status":"open","ping_status":"open","sticky":false,"template":"","format":"standard","meta":{"_monsterinsights_skip_tracking":false,"_monsterinsights_sitenote_active":false,"_monsterinsights_sitenote_note":"","_monsterinsights_sitenote_category":0,"_jetpack_memberships_contains_paid_content":false,"footnotes":""},"categories":[9],"tags":[],"class_list":["post-14054","post","type-post","status-publish","format-standard","has-post-thumbnail","hentry","category-fotbolti"],"jetpack_sharing_enabled":true,"jetpack_featured_media_url":"https:\/\/fram.is\/wp-content\/uploads\/2016\/09\/FRAM-\u00f6-Fjar\u00f0abygg\u00f0-vefur.jpg","_links":{"self":[{"href":"https:\/\/fram.is\/is\/wp-json\/wp\/v2\/posts\/14054","targetHints":{"allow":["GET"]}}],"collection":[{"href":"https:\/\/fram.is\/is\/wp-json\/wp\/v2\/posts"}],"about":[{"href":"https:\/\/fram.is\/is\/wp-json\/wp\/v2\/types\/post"}],"author":[{"embeddable":true,"href":"https:\/\/fram.is\/is\/wp-json\/wp\/v2\/users\/4"}],"replies":[{"embeddable":true,"href":"https:\/\/fram.is\/is\/wp-json\/wp\/v2\/comments?post=14054"}],"version-history":[{"count":0,"href":"https:\/\/fram.is\/is\/wp-json\/wp\/v2\/posts\/14054\/revisions"}],"wp:featuredmedia":[{"embeddable":true,"href":"https:\/\/fram.is\/is\/wp-json\/wp\/v2\/media\/14062"}],"wp:attachment":[{"href":"https:\/\/fram.is\/is\/wp-json\/wp\/v2\/media?parent=14054"}],"wp:term":[{"taxonomy":"category","embeddable":true,"href":"https:\/\/fram.is\/is\/wp-json\/wp\/v2\/categories?post=14054"},{"taxonomy":"post_tag","embeddable":true,"href":"https:\/\/fram.is\/is\/wp-json\/wp\/v2\/tags?post=14054"}],"curies":[{"name":"wp","href":"https:\/\/api.w.org\/{rel}","templated":true}]}}