{"id":14170,"date":"2016-10-04T16:44:53","date_gmt":"2016-10-04T16:44:53","guid":{"rendered":"http:\/\/fram.is\/?p=14170"},"modified":"2016-10-04T16:44:53","modified_gmt":"2016-10-04T16:44:53","slug":"alex-freyr-framlengir-vid-fram","status":"publish","type":"post","link":"https:\/\/fram.is\/is\/2016\/10\/04\/alex-freyr-framlengir-vid-fram\/","title":{"rendered":"Alex Freyr framlengir vi\u00f0 Fram"},"content":{"rendered":"<p><a href=\"http:\/\/fram.is\/is\/?attachment_id=14171\"><img fetchpriority=\"high\" decoding=\"async\" class=\"alignright size-medium wp-image-14171\" src=\"http:\/\/fram.is\/wp-content\/uploads\/2016\/10\/Alex-Freyr-300x261.jpg\" alt=\"alex-freyr\" width=\"300\" height=\"261\" \/><\/a>Knattspyrnudeild Fram og Alex Freyr El\u00edsson hafa gert me\u00f0 s\u00e9r tveggja \u00e1ra samning. Alex Freyr er einn af efnilegri leikm\u00f6nnum okkar og l\u00e9k 10 deildarleiki \u00ed Inskasso-deildinni \u00ed sumar og \u00fe\u00f3tti s\u00edna mj\u00f6g g\u00f3\u00f0an leik.<br \/>\nHann er 19 \u00e1ra gamall og framt\u00ed\u00f0in er bj\u00f6rt.\u00a0 Knattspyrnudeild Fram l\u00fdsir yfir mikilli \u00e1n\u00e6gju me\u00f0 a\u00f0 tryggja s\u00e9r krafta \u00feessa efnispilts n\u00e6stu tv\u00f6 \u00e1rin a\u00f0 minnsta kosti.<\/p>\n<p>\u00c1fram Fram<\/p>","protected":false},"excerpt":{"rendered":"<p>Knattspyrnudeild Fram og Alex Freyr El\u00edsson hafa gert me\u00f0 s\u00e9r tveggja \u00e1ra samning. Alex Freyr er einn af efnilegri leikm\u00f6nnum okkar og l\u00e9k 10 deildarleiki \u00ed Inskasso-deildinni \u00ed sumar og [&hellip;]<\/p>","protected":false},"author":4,"featured_media":14172,"comment_status":"open","ping_status":"open","sticky":false,"template":"","format":"standard","meta":{"_monsterinsights_skip_tracking":false,"_monsterinsights_sitenote_active":false,"_monsterinsights_sitenote_note":"","_monsterinsights_sitenote_category":0,"_jetpack_memberships_contains_paid_content":false,"footnotes":""},"categories":[11,9],"tags":[],"class_list":["post-14170","post","type-post","status-publish","format-standard","has-post-thumbnail","hentry","category-mflkarla","category-fotbolti"],"jetpack_sharing_enabled":true,"jetpack_featured_media_url":"https:\/\/fram.is\/wp-content\/uploads\/2016\/10\/Alex-Freyr-vefur-scaled.jpg","_links":{"self":[{"href":"https:\/\/fram.is\/is\/wp-json\/wp\/v2\/posts\/14170","targetHints":{"allow":["GET"]}}],"collection":[{"href":"https:\/\/fram.is\/is\/wp-json\/wp\/v2\/posts"}],"about":[{"href":"https:\/\/fram.is\/is\/wp-json\/wp\/v2\/types\/post"}],"author":[{"embeddable":true,"href":"https:\/\/fram.is\/is\/wp-json\/wp\/v2\/users\/4"}],"replies":[{"embeddable":true,"href":"https:\/\/fram.is\/is\/wp-json\/wp\/v2\/comments?post=14170"}],"version-history":[{"count":0,"href":"https:\/\/fram.is\/is\/wp-json\/wp\/v2\/posts\/14170\/revisions"}],"wp:featuredmedia":[{"embeddable":true,"href":"https:\/\/fram.is\/is\/wp-json\/wp\/v2\/media\/14172"}],"wp:attachment":[{"href":"https:\/\/fram.is\/is\/wp-json\/wp\/v2\/media?parent=14170"}],"wp:term":[{"taxonomy":"category","embeddable":true,"href":"https:\/\/fram.is\/is\/wp-json\/wp\/v2\/categories?post=14170"},{"taxonomy":"post_tag","embeddable":true,"href":"https:\/\/fram.is\/is\/wp-json\/wp\/v2\/tags?post=14170"}],"curies":[{"name":"wp","href":"https:\/\/api.w.org\/{rel}","templated":true}]}}