{"id":14282,"date":"2016-10-23T18:02:30","date_gmt":"2016-10-23T18:02:30","guid":{"rendered":"http:\/\/fram.is\/?p=14282"},"modified":"2016-10-23T18:02:30","modified_gmt":"2016-10-23T18:02:30","slug":"fram-sigur-i-bikarnum-eftir-horkuleik","status":"publish","type":"post","link":"https:\/\/fram.is\/is\/2016\/10\/23\/fram-sigur-i-bikarnum-eftir-horkuleik\/","title":{"rendered":"FRAM sigur \u00ed bikarnum eftir h\u00f6rkuleik"},"content":{"rendered":"<p><a href=\"http:\/\/fram.is\/is\/2016\/09\/baratta-og-gledi-i-safamyri\/fram-skinandi-og-fram-rvk-meist-027\/\"><img fetchpriority=\"high\" decoding=\"async\" class=\"alignright size-medium wp-image-14043\" src=\"http:\/\/fram.is\/wp-content\/uploads\/2016\/09\/FRAM-Sk\u00ednandi-og-FRAM-Rvk.meist-027-300x200.jpg\" alt=\"fram-skinandi-og-fram-rvk-meist-027\" width=\"300\" height=\"200\" \/><\/a>Framarar m\u00e6ttu til leiks gegn toppli\u00f0i 1. deildar, Fj\u00f6lni, \u00ed 32-li\u00f0a \u00farslitum bikars \u00ed dag. \u00dati var ve\u00f0ri\u00f0 gr\u00e1slyppulegt en inni \u00ed h\u00f6llinni var heitt og f\u00ednt.<br \/>\nLeikurinn byrja\u00f0i me\u00f0 l\u00e1tum, miki\u00f0 skora\u00f0 og allt stefndi \u00ed h\u00f6rkuleik. Jafnr\u00e6\u00f0i var me\u00f0 li\u00f0unum allan h\u00e1lfleikinn og hvorugt li\u00f0 me\u00f0 frumkv\u00e6\u00f0i en okkar menn me\u00f0 helling af t\u00f6pu\u00f0um boltum og margir hverjir ekki a\u00f0 n\u00e1 s\u00e9r \u00e1 strik nema Viktor \u00ed markinu sem h\u00e9lt okkur inni \u00ed leiknum. Sta\u00f0an \u00ed h\u00e1lfleik 14:13 fyrir Fj\u00f6lni sem n\u00e1\u00f0u a\u00f0 refsa okkur me\u00f0 hra\u00f0aupphlaupum trekk \u00ed trekk.<br \/>\n\u00cd seinni h\u00e1lfleik var meiri stemning \u00ed li\u00f0inu og str\u00e1karnir byrju\u00f0u a\u00f0 spila meira saman, f\u00e6kku\u00f0u l\u00e9legum sendingum og v\u00f6rnin var\u00f0 \u00fe\u00e9ttari. Vi\u00f0 uppsk\u00e1rum eftir \u00fev\u00ed og strax um mi\u00f0jan seinni h\u00e1lfleik h\u00f6f\u00f0um vi\u00f0 n\u00e1\u00f0 4 marka forskoti 18:22.<br \/>\nFj\u00f6lnismenn voru \u00fe\u00f3 ekki h\u00e6ttir og okkar menn duttu ni\u00f0ur \u00e1 h\u00e6lana og hleyptu \u00feeim inn \u00ed leikinn aftur \u00ed sta\u00f0 \u00feess a\u00f0 sl\u00edta sig alveg fr\u00e1 \u00feeim.<br \/>\n\u00darslitin r\u00e9\u00f0ust ekki fyrr en \u00e1 lokam\u00edn\u00fatum leiksins og n\u00e1\u00f0u okkar menn me\u00f0 seiglu og karakter a\u00f0 kl\u00e1ra leikinn og g\u00f3\u00f0ur sigur \u00ed h\u00f6fn 27:28.<br \/>\nEf ekki hef\u00f0i veri\u00f0 fyrir Viktor G\u00edsla \u00ed markinu sem f\u00f3r hamf\u00f6rum og var\u00f0i 24 bolta og fr\u00e1b\u00e6ran leik Andra \u00de\u00f3rs, markah\u00e6stur \u00ed dag me\u00f0 10 m\u00f6rk, hef\u00f0u \u00farslitin veri\u00f0 \u00f6nnur.<br \/>\nG\u00f3\u00f0ur sigur \u00ed dag hj\u00e1 okkar m\u00f6nnum og vi\u00f0 komin \u00ed 16-li\u00f0a \u00farslit \u00ed bikarnum og stefnan sett \u00e1 h\u00f6llina.<\/p>\n<p>N\u00e6sti leikur er \u00e1 fimmtudaginn \u00ed deildinni gegn Stj\u00f6rnunni \u00e1 okkar heimavelli. Sj\u00e1umst \u00fe\u00e1.<\/p>\n<p>\u00c1fram FRAM<\/p>","protected":false},"excerpt":{"rendered":"<p>Framarar m\u00e6ttu til leiks gegn toppli\u00f0i 1. deildar, Fj\u00f6lni, \u00ed 32-li\u00f0a \u00farslitum bikars \u00ed dag. \u00dati var ve\u00f0ri\u00f0 gr\u00e1slyppulegt en inni \u00ed h\u00f6llinni var heitt og f\u00ednt. Leikurinn byrja\u00f0i me\u00f0 [&hellip;]<\/p>","protected":false},"author":4,"featured_media":14114,"comment_status":"open","ping_status":"open","sticky":false,"template":"","format":"standard","meta":{"_monsterinsights_skip_tracking":false,"_monsterinsights_sitenote_active":false,"_monsterinsights_sitenote_note":"","_monsterinsights_sitenote_category":0,"_jetpack_memberships_contains_paid_content":false,"footnotes":""},"categories":[6,19],"tags":[],"class_list":["post-14282","post","type-post","status-publish","format-standard","has-post-thumbnail","hentry","category-handbolti","category-mfl-karla"],"jetpack_sharing_enabled":true,"jetpack_featured_media_url":"https:\/\/fram.is\/wp-content\/uploads\/2016\/09\/G\u00f3\u00f0-vefur-scaled.jpg","_links":{"self":[{"href":"https:\/\/fram.is\/is\/wp-json\/wp\/v2\/posts\/14282","targetHints":{"allow":["GET"]}}],"collection":[{"href":"https:\/\/fram.is\/is\/wp-json\/wp\/v2\/posts"}],"about":[{"href":"https:\/\/fram.is\/is\/wp-json\/wp\/v2\/types\/post"}],"author":[{"embeddable":true,"href":"https:\/\/fram.is\/is\/wp-json\/wp\/v2\/users\/4"}],"replies":[{"embeddable":true,"href":"https:\/\/fram.is\/is\/wp-json\/wp\/v2\/comments?post=14282"}],"version-history":[{"count":0,"href":"https:\/\/fram.is\/is\/wp-json\/wp\/v2\/posts\/14282\/revisions"}],"wp:featuredmedia":[{"embeddable":true,"href":"https:\/\/fram.is\/is\/wp-json\/wp\/v2\/media\/14114"}],"wp:attachment":[{"href":"https:\/\/fram.is\/is\/wp-json\/wp\/v2\/media?parent=14282"}],"wp:term":[{"taxonomy":"category","embeddable":true,"href":"https:\/\/fram.is\/is\/wp-json\/wp\/v2\/categories?post=14282"},{"taxonomy":"post_tag","embeddable":true,"href":"https:\/\/fram.is\/is\/wp-json\/wp\/v2\/tags?post=14282"}],"curies":[{"name":"wp","href":"https:\/\/api.w.org\/{rel}","templated":true}]}}