{"id":14295,"date":"2016-10-25T12:14:59","date_gmt":"2016-10-25T12:14:59","guid":{"rendered":"http:\/\/fram.is\/?p=14295"},"modified":"2016-10-25T12:14:59","modified_gmt":"2016-10-25T12:14:59","slug":"atli-gunnar-i-fram","status":"publish","type":"post","link":"https:\/\/fram.is\/is\/2016\/10\/25\/atli-gunnar-i-fram\/","title":{"rendered":"Atli Gunnar \u00ed Fram"},"content":{"rendered":"<p><a href=\"http:\/\/fram.is\/is\/?attachment_id=14296\"><img fetchpriority=\"high\" decoding=\"async\" class=\"alignright size-medium wp-image-14296\" src=\"http:\/\/fram.is\/wp-content\/uploads\/2016\/10\/Atli-Gunnar-f\u00edn-300x261.jpg\" alt=\"atli-gunnar-fin\" width=\"300\" height=\"261\" \/><\/a>Knattspyrnudeild Fram og Atli Gunnar Gu\u00f0mundsson hafa n\u00e1\u00f0 samkomulagi um a\u00f0 Atli Gunnar gangi til li\u00f0s vi\u00f0 Fram.\u00a0 Samningurinn er til n\u00e6stu tveggja \u00e1ra en Atli Gunnar, sem er 23 \u00e1ra, \u00a0er einn af efnilegri markv\u00f6r\u00f0um landsins.<br \/>\nHann l\u00e9k me\u00f0 Huginn \u00ed Inkasso-deildinni \u00ed sumar og var eftir leikt\u00ed\u00f0ina valinn annar besti markv\u00f6r\u00f0ur deildarinnar af \u00fej\u00e1lfurum og fyrirli\u00f0um \u00ed \u00e1rlegu uppgj\u00f6ri \u00e1 vefs\u00ed\u00f0unni F\u00f3tbolti.net.<\/p>\n<p>\u00c1smundur Arnarsson \u00fej\u00e1lfari Fram og stj\u00f3rn deildarinnar binda miklar vonir vi\u00f0 Atla Gunnar \u00e1 komandi leikt\u00ed\u00f0, \u201e\u00c9g l\u00edt \u00e1 Atla Gunnar sem mikilv\u00e6gan hlekk \u00ed \u00feeirri vegfer\u00f0 sem vi\u00f0 erum \u00ed hva\u00f0 var\u00f0ar uppbyggingu \u00e1 \u00f6flugu framt\u00ed\u00f0arli\u00f0i,\u201c sag\u00f0i \u00c1smundur a\u00f0 \u00feessu tilefni.<\/p>\n<p>Knattspyrnudeild Fram<\/p>","protected":false},"excerpt":{"rendered":"<p>Knattspyrnudeild Fram og Atli Gunnar Gu\u00f0mundsson hafa n\u00e1\u00f0 samkomulagi um a\u00f0 Atli Gunnar gangi til li\u00f0s vi\u00f0 Fram.\u00a0 Samningurinn er til n\u00e6stu tveggja \u00e1ra en Atli Gunnar, sem er 23 [&hellip;]<\/p>","protected":false},"author":4,"featured_media":14297,"comment_status":"open","ping_status":"open","sticky":false,"template":"","format":"standard","meta":{"_monsterinsights_skip_tracking":false,"_monsterinsights_sitenote_active":false,"_monsterinsights_sitenote_note":"","_monsterinsights_sitenote_category":0,"_jetpack_memberships_contains_paid_content":false,"footnotes":""},"categories":[11,9],"tags":[],"class_list":["post-14295","post","type-post","status-publish","format-standard","has-post-thumbnail","hentry","category-mflkarla","category-fotbolti"],"jetpack_sharing_enabled":true,"jetpack_featured_media_url":"https:\/\/fram.is\/wp-content\/uploads\/2016\/10\/Atli-Gunnar-vefur-scaled.jpg","_links":{"self":[{"href":"https:\/\/fram.is\/is\/wp-json\/wp\/v2\/posts\/14295","targetHints":{"allow":["GET"]}}],"collection":[{"href":"https:\/\/fram.is\/is\/wp-json\/wp\/v2\/posts"}],"about":[{"href":"https:\/\/fram.is\/is\/wp-json\/wp\/v2\/types\/post"}],"author":[{"embeddable":true,"href":"https:\/\/fram.is\/is\/wp-json\/wp\/v2\/users\/4"}],"replies":[{"embeddable":true,"href":"https:\/\/fram.is\/is\/wp-json\/wp\/v2\/comments?post=14295"}],"version-history":[{"count":0,"href":"https:\/\/fram.is\/is\/wp-json\/wp\/v2\/posts\/14295\/revisions"}],"wp:featuredmedia":[{"embeddable":true,"href":"https:\/\/fram.is\/is\/wp-json\/wp\/v2\/media\/14297"}],"wp:attachment":[{"href":"https:\/\/fram.is\/is\/wp-json\/wp\/v2\/media?parent=14295"}],"wp:term":[{"taxonomy":"category","embeddable":true,"href":"https:\/\/fram.is\/is\/wp-json\/wp\/v2\/categories?post=14295"},{"taxonomy":"post_tag","embeddable":true,"href":"https:\/\/fram.is\/is\/wp-json\/wp\/v2\/tags?post=14295"}],"curies":[{"name":"wp","href":"https:\/\/api.w.org\/{rel}","templated":true}]}}