{"id":14320,"date":"2016-10-26T12:14:28","date_gmt":"2016-10-26T12:14:28","guid":{"rendered":"http:\/\/fram.is\/?p=14320"},"modified":"2016-10-26T12:14:28","modified_gmt":"2016-10-26T12:14:28","slug":"gavric-afram-med-fram","status":"publish","type":"post","link":"https:\/\/fram.is\/is\/2016\/10\/26\/gavric-afram-med-fram\/","title":{"rendered":"Gavric \u00e1fram me\u00f0 Fram"},"content":{"rendered":"<p><a href=\"http:\/\/fram.is\/is\/?attachment_id=14321\"><img fetchpriority=\"high\" decoding=\"async\" class=\"alignright size-large wp-image-14321\" src=\"http:\/\/fram.is\/wp-content\/uploads\/2016\/10\/Dino-Gavrice-f\u00edn.jpg\" alt=\"dino-gavrice-fin\" width=\"460\" height=\"400\" \/><\/a>Knattspyrnudeild Fram og Dino Gavric hafa n\u00e1\u00f0 samkomulagi um framlengingu \u00e1 samningi leikmannsins til n\u00e6stu tveggja \u00e1ra. Gavric er 27 \u00e1ra og f\u00e6ddur \u00ed Kr\u00f3at\u00edu. Hann l\u00e9k 18 leiki \u00ed Inkasso-deildinni \u00ed sumar og skora\u00f0i 3 m\u00f6rk auk \u00feess a\u00f0 leika 3 leiki \u00ed Borgunarbikarnum.<\/p>\n<p>Gavric er mi\u00f0v\u00f6r\u00f0ur og var einn besti leikma\u00f0ur li\u00f0sins \u00ed sumar.\u00a0 Hann er mj\u00f6g \u00e1n\u00e6g\u00f0ur \u00e1 \u00cdslandi og l\u00ed\u00f0ur vel h\u00e9r.\u00a0 \u00dea\u00f0 var a\u00f0 hans frumkv\u00e6\u00f0i a\u00f0 sami\u00f0 var til tveggja \u00e1ra en ekki eins \u00e1rs l\u00edkt og oft t\u00ed\u00f0kast me\u00f0 \u00fatlenda leikmenn sem hinga\u00f0 koma.<\/p>\n<p>&nbsp;<\/p>\n<p>\u00dej\u00e1lfari Fram \u00c1smundur Arnarsson og knattspyrnudeild l\u00fdsa yfir mikilli \u00e1n\u00e6gju me\u00f0 samninginn vi\u00f0 \u00feennan mj\u00f6g svo ge\u00f0\u00feekka kr\u00f3ata, &#8220;Auk \u00feess a\u00f0 vera fr\u00e1b\u00e6r leikma\u00f0ur \u00fe\u00e1 er Dino reynslumikill og sterkur karakter sem hj\u00e1lpar li\u00f0inu a\u00f0 n\u00e1 lengra og \u00fea\u00f0 er ekki s\u00ed\u00f0ur \u00feess vegna sem \u00fea\u00f0 er f\u00e9laginu d\u00fdrm\u00e6tt a\u00f0 tryggja s\u00e9r krafta hans n\u00e6stu tv\u00f6 \u00e1rin,&#8221; sag\u00f0i \u00c1smundur Arnarsson um Dino Gavric.<\/p>\n<p>Knattspyrnudeild Fram<\/p>\n<p>Lj\u00f3smynd f\u00f3tbolti.net<\/p>","protected":false},"excerpt":{"rendered":"<p>Knattspyrnudeild Fram og Dino Gavric hafa n\u00e1\u00f0 samkomulagi um framlengingu \u00e1 samningi leikmannsins til n\u00e6stu tveggja \u00e1ra. Gavric er 27 \u00e1ra og f\u00e6ddur \u00ed Kr\u00f3at\u00edu. Hann l\u00e9k 18 leiki \u00ed [&hellip;]<\/p>","protected":false},"author":4,"featured_media":14322,"comment_status":"open","ping_status":"open","sticky":false,"template":"","format":"standard","meta":{"_monsterinsights_skip_tracking":false,"_monsterinsights_sitenote_active":false,"_monsterinsights_sitenote_note":"","_monsterinsights_sitenote_category":0,"_jetpack_memberships_contains_paid_content":false,"footnotes":""},"categories":[11,9],"tags":[],"class_list":["post-14320","post","type-post","status-publish","format-standard","has-post-thumbnail","hentry","category-mflkarla","category-fotbolti"],"jetpack_sharing_enabled":true,"jetpack_featured_media_url":"https:\/\/fram.is\/wp-content\/uploads\/2016\/10\/Dino-Gavrice-vefur.jpg","_links":{"self":[{"href":"https:\/\/fram.is\/is\/wp-json\/wp\/v2\/posts\/14320","targetHints":{"allow":["GET"]}}],"collection":[{"href":"https:\/\/fram.is\/is\/wp-json\/wp\/v2\/posts"}],"about":[{"href":"https:\/\/fram.is\/is\/wp-json\/wp\/v2\/types\/post"}],"author":[{"embeddable":true,"href":"https:\/\/fram.is\/is\/wp-json\/wp\/v2\/users\/4"}],"replies":[{"embeddable":true,"href":"https:\/\/fram.is\/is\/wp-json\/wp\/v2\/comments?post=14320"}],"version-history":[{"count":0,"href":"https:\/\/fram.is\/is\/wp-json\/wp\/v2\/posts\/14320\/revisions"}],"wp:featuredmedia":[{"embeddable":true,"href":"https:\/\/fram.is\/is\/wp-json\/wp\/v2\/media\/14322"}],"wp:attachment":[{"href":"https:\/\/fram.is\/is\/wp-json\/wp\/v2\/media?parent=14320"}],"wp:term":[{"taxonomy":"category","embeddable":true,"href":"https:\/\/fram.is\/is\/wp-json\/wp\/v2\/categories?post=14320"},{"taxonomy":"post_tag","embeddable":true,"href":"https:\/\/fram.is\/is\/wp-json\/wp\/v2\/tags?post=14320"}],"curies":[{"name":"wp","href":"https:\/\/api.w.org\/{rel}","templated":true}]}}