{"id":14332,"date":"2016-10-27T14:16:09","date_gmt":"2016-10-27T14:16:09","guid":{"rendered":"http:\/\/fram.is\/?p=14332"},"modified":"2016-10-27T14:16:09","modified_gmt":"2016-10-27T14:16:09","slug":"bubalo-afram-med-fra","status":"publish","type":"post","link":"https:\/\/fram.is\/is\/2016\/10\/27\/bubalo-afram-med-fra\/","title":{"rendered":"Bubalo \u00e1fram me\u00f0 FRAM"},"content":{"rendered":"<p>&nbsp;<\/p>\n<p><a href=\"http:\/\/fram.is\/is\/?attachment_id=14334\"><img fetchpriority=\"high\" decoding=\"async\" class=\"alignright size-medium wp-image-14334\" src=\"http:\/\/fram.is\/wp-content\/uploads\/2016\/10\/IMG_3937-1-300x200.jpg\" alt=\"img_3937\" width=\"300\" height=\"200\" \/><\/a>Knattspyrnudeild Fram og Ivan Bubalo hafa n\u00e1\u00f0 samkomulagi um a\u00f0 leikma\u00f0urinn leiki me\u00f0 Fram \u00e1 n\u00e6stu leikt\u00ed\u00f0.\u00a0 Samningurinn er til eins \u00e1rs me\u00f0 m\u00f6guleika \u00e1 framlengingu.\u00a0 Ivan Bubalo er 26 \u00e1ra framherji og l\u00e9k 21 leik \u00ed Inkasso-deildinni \u00ed sumar og skora\u00f0i 9 m\u00f6rk. Hann var markah\u00e6sti leikma\u00f0ur li\u00f0sins en auk \u00feessa l\u00e9k hann 3 leiki \u00ed Borgunarbikarnum og skora\u00f0i 1 mark.<\/p>\n<p>Knattspyrnudeild Fram og \u00c1smundur Arnarsson \u00fej\u00e1lfari l\u00fdsa yfir mikilli \u00e1n\u00e6gju me\u00f0 a\u00f0 n\u00e1 a\u00f0 tryggja s\u00e9r krafta \u00feessa \u00f6fluga kr\u00f3ata \u00e1 n\u00e6stu leikt\u00ed\u00f0, &#8220;Ivan Bubalo er mikill markaskorari og kom til okkar stuttu fyrir m\u00f3t \u00ed sumar.\u00a0 \u00dea\u00f0 t\u00f3k hann nokkurn t\u00edma a\u00f0 a\u00f0lagast en hann var vaxandi \u00feegar \u00e1 lei\u00f0. Vi\u00f0 gerum okkur vonir um a\u00f0 hann haldi \u00e1fram a\u00f0 b\u00e6ta sig sem leikma\u00f0ur og n\u00fdtist enn betur \u00e1 n\u00e6stu leikti\u00f0, &#8220;sag\u00f0i \u00c1smundur Arnarsson \u00fej\u00e1lfari Fram.<\/p>\n<p>Knattspyrnudeild Fram<\/p>","protected":false},"excerpt":{"rendered":"<p>&nbsp; Knattspyrnudeild Fram og Ivan Bubalo hafa n\u00e1\u00f0 samkomulagi um a\u00f0 leikma\u00f0urinn leiki me\u00f0 Fram \u00e1 n\u00e6stu leikt\u00ed\u00f0.\u00a0 Samningurinn er til eins \u00e1rs me\u00f0 m\u00f6guleika \u00e1 framlengingu.\u00a0 Ivan Bubalo er [&hellip;]<\/p>","protected":false},"author":4,"featured_media":13362,"comment_status":"open","ping_status":"open","sticky":false,"template":"","format":"standard","meta":{"_monsterinsights_skip_tracking":false,"_monsterinsights_sitenote_active":false,"_monsterinsights_sitenote_note":"","_monsterinsights_sitenote_category":0,"_jetpack_memberships_contains_paid_content":false,"footnotes":""},"categories":[11,9],"tags":[],"class_list":["post-14332","post","type-post","status-publish","format-standard","has-post-thumbnail","hentry","category-mflkarla","category-fotbolti"],"jetpack_sharing_enabled":true,"jetpack_featured_media_url":"https:\/\/fram.is\/wp-content\/uploads\/2016\/05\/Ivan-Bubalo-vefur-scaled.jpg","_links":{"self":[{"href":"https:\/\/fram.is\/is\/wp-json\/wp\/v2\/posts\/14332","targetHints":{"allow":["GET"]}}],"collection":[{"href":"https:\/\/fram.is\/is\/wp-json\/wp\/v2\/posts"}],"about":[{"href":"https:\/\/fram.is\/is\/wp-json\/wp\/v2\/types\/post"}],"author":[{"embeddable":true,"href":"https:\/\/fram.is\/is\/wp-json\/wp\/v2\/users\/4"}],"replies":[{"embeddable":true,"href":"https:\/\/fram.is\/is\/wp-json\/wp\/v2\/comments?post=14332"}],"version-history":[{"count":0,"href":"https:\/\/fram.is\/is\/wp-json\/wp\/v2\/posts\/14332\/revisions"}],"wp:featuredmedia":[{"embeddable":true,"href":"https:\/\/fram.is\/is\/wp-json\/wp\/v2\/media\/13362"}],"wp:attachment":[{"href":"https:\/\/fram.is\/is\/wp-json\/wp\/v2\/media?parent=14332"}],"wp:term":[{"taxonomy":"category","embeddable":true,"href":"https:\/\/fram.is\/is\/wp-json\/wp\/v2\/categories?post=14332"},{"taxonomy":"post_tag","embeddable":true,"href":"https:\/\/fram.is\/is\/wp-json\/wp\/v2\/tags?post=14332"}],"curies":[{"name":"wp","href":"https:\/\/api.w.org\/{rel}","templated":true}]}}