{"id":14346,"date":"2016-10-27T22:58:04","date_gmt":"2016-10-27T22:58:04","guid":{"rendered":"http:\/\/fram.is\/?p=14346"},"modified":"2016-10-27T22:58:04","modified_gmt":"2016-10-27T22:58:04","slug":"glaesilegur-fram-sigur-a-stjornunni-i-olisdeild-karla","status":"publish","type":"post","link":"https:\/\/fram.is\/is\/2016\/10\/27\/glaesilegur-fram-sigur-a-stjornunni-i-olisdeild-karla\/","title":{"rendered":"Gl\u00e6silegur FRAM sigur \u00e1 Stj\u00f6rnunni \u00ed Ol\u00edsdeild karla"},"content":{"rendered":"<p><a href=\"http:\/\/fram.is\/is\/?attachment_id=14348\"><img fetchpriority=\"high\" decoding=\"async\" class=\"alignright size-medium wp-image-14348\" src=\"http:\/\/fram.is\/wp-content\/uploads\/2016\/10\/IMG_4636-300x200.jpg\" alt=\"img_4636\" width=\"300\" height=\"200\" \/><\/a><a href=\"http:\/\/fram.is\/is\/?attachment_id=14349\"><img decoding=\"async\" class=\"alignright size-medium wp-image-14349\" src=\"http:\/\/fram.is\/wp-content\/uploads\/2016\/10\/IMG_4648-300x200.jpg\" alt=\"img_4648\" width=\"300\" height=\"200\" \/><\/a>Str\u00e1karnir okkar \u00ed handboltanum fengu Stj\u00f6rnuna i heims\u00f3kn \u00ed Safam\u00fdrina \u00ed kv\u00f6ld. \u00dea\u00f0 var \u00e1g\u00e6tlega m\u00e6tt \u00e1 leikinn, okkar sau\u00f0tryggu stu\u00f0ningsmenn m\u00e6ta alltaf og s\u00e9rlega gaman a\u00f0 sj\u00e1 fleiri og fleiri b\u00e6tast vi\u00f0 Grafarholti og \u00dalfars\u00e1rdal, vel gert FRAMarar.\u00a0 Str\u00e1karnir m\u00e6ta alltaf \u00fe\u00f3 \u00fea\u00f0 hafi \u00f6rugglega veri\u00f0 erfitt fyrir \u00fe\u00e1 og fleiri \u00a0a\u00f0 fylgjast me\u00f0 Gar\u00f0ari og Stef\u00e1ni Darra \u00ed Stj\u00f6rnutreyjunni\u00a0 \u00ed kv\u00f6ld.<br \/>\nLeikurinn byrja\u00f0i \u00e1g\u00e6tlega, \u00a0kraftur \u00ed okkar m\u00f6nnum, greinilegt a\u00f0 \u00feeir hafa miki\u00f0 sj\u00e1lfstraust \u00feessa dagana, ma\u00f0ur hr\u00edfst me\u00f0 drengjum og \u00fea\u00f0 er gaman a\u00f0 horfa \u00e1 \u00feessa str\u00e1ka spila handbolta.<br \/>\nVi\u00f0 t\u00f3kum strax frumkv\u00e6\u00f0i\u00f0 en leikurinn jafn, sta\u00f0an eftir 10 m\u00edn. 4-3. \u00a0Leikurinn var svo\u00a0 \u00ed jafnv\u00e6gi ,vi\u00f0 vorum a\u00f0 setja mj\u00f6g g\u00f3\u00f0 m\u00f6rk, st\u00f3\u00f0um v\u00f6rnina \u00e1g\u00e6tlega en vorum a\u00f0 fara illa me\u00f0 g\u00f3\u00f0 f\u00e6ri , \u00e1ttum a\u00f0 n\u00e1 forskoti \u00e1 \u00feessu kafla, sta\u00f0an eftir 20 m\u00edn. 10-10. Valt\u00fdr kom svo \u00a0\u00ed marki\u00f0 og \u00fea\u00f0 breytti leiknum fyrir okkur \u00e1samt \u00fev\u00ed a\u00f0 vi\u00f0 f\u00f3rum a\u00f0 n\u00fdta f\u00e6rin betur. \u00a0Vi\u00f0 n\u00e1\u00f0um g\u00f3\u00f0um kafla undir lok h\u00e1lfleiksins sem vi\u00f0 spilu\u00f0m mj\u00f6g vel allir sem einn. Kl\u00e1ru\u00f0um h\u00e1lfleikinn me\u00f0 st\u00e6l, sta\u00f0an \u00ed h\u00e1lfleik 17-13. Vi\u00f0 a\u00f0 spila s\u00ed\u00f0ari hlutann gr\u00ed\u00f0arlega vel.\u00a0 Valt\u00fdr flottur, v\u00f6rnin vann betur og \u00fea\u00f0 skiptir sk\u00f6pum \u00ed handbolta.<br \/>\nVi\u00f0 byrju\u00f0um s\u00ed\u00f0ari h\u00e1lfleik eins og s\u00e1 sem valdi\u00f0 hefur og keyr\u00f0um yfir Stj\u00f6rnuna. B\u00e6ttum jafnt og \u00fe\u00e9tt vi\u00f0 m\u00f6rkum \u00e1 me\u00f0an v\u00f6rn og markvarsla var \u00ed g\u00f3\u00f0u lagi, sta\u00f0an eftir 40 m\u00edn. 23-16. Gr\u00ed\u00f0arlega flott byrjun hj\u00e1 okkar str\u00e1kum.\u00a0 Vi\u00f0 litum svo ekki um \u00f6xl eftir \u00feetta, spilu\u00f0um af krafti b\u00e6\u00f0i \u00ed v\u00f6rn og s\u00f3kn, n\u00e1\u00f0um mest 9 marka forrustu, settum m\u00f6rk \u00far \u00f6llum st\u00f6\u00f0um og skemmtum okkur konunglega. Sta\u00f0an eftir 50 m\u00edn. 29-20.\u00a0 Lj\u00f3st a\u00f0 afgrei\u00f0sla \u00e1 \u00feessum leik var \u00ed okkar h\u00f6ndum, vi\u00f0 vorum p\u00ednu k\u00e6rulausir undir lokin og hef\u00f0um \u00e1tt a\u00f0 gera betur. Lokat\u00f6lur \u00ed kv\u00f6ld 31-27, vi\u00f0 g\u00e1fum \u00feeim \u00a0t.d \u00a0tvo m\u00f6rk \u00ed s\u00ed\u00f0ustu m\u00edn\u00fatu leiksins sem var \u00f3\u00fearfi.\u00a0 \u201eStr\u00e1kar \u00fea\u00f0 \u00fearf a\u00f0 hugsa um markat\u00f6luna\u201c sag\u00f0ir g\u00f3\u00f0ur \u00fej\u00e1lfari h\u00e9r um \u00e1ri\u00f0, hver man eftir honum ? Hann haf\u00f0i oft r\u00e9tt fyrir s\u00e9r.<br \/>\nFr\u00e1b\u00e6r leikur hj\u00e1 str\u00e1kunum \u00ed kv\u00f6ld mj\u00f6g margir a\u00f0 spila vel, Valt\u00fdr g\u00f3\u00f0ur, Arnar Birkir spila\u00f0 vel og \u00e1tti margar g\u00f3\u00f0ar sendingar inn \u00e1 l\u00ednu \u00fear sem hann fann Valda.\u00a0 El\u00edas var me\u00f0 g\u00f3\u00f0a innkomu en \u00feessi leikur ver\u00f0ur a\u00f0 skrifast \u00e1 allt li\u00f0i\u00f0 sem var a\u00f0 spila vel , allir \u00e1 t\u00e1num og l\u00f6g\u00f0u allt \u00ed verkefni\u00f0.\u00a0 Ekki fr\u00e1 \u00fev\u00ed \u00e9g hafi s\u00e9\u00f0 sm\u00e1 ge\u00f0veiki \u00ed mannskapnum \u00ed kv\u00f6ld.\u00a0 Vel gert drengir.<br \/>\nN\u00e6sti leikur er eftir sl\u00e9ttar tv\u00e6r vikur \u00e1 heimavelli gegn Gr\u00f3ttu. N\u00fa kemur landsleikja hl\u00e9 og \u00fe\u00e1 gefst li\u00f0inu g\u00f3\u00f0ur t\u00edmi til a\u00f0 \u00e6fa vel og hv\u00edla a\u00f0eins fyrir n\u00e6stu umfer\u00f0 \u00cdslandsm\u00f3tsins.\u00a0 Sj\u00e1umst eftir tv\u00e6r vikur, \u00fei\u00f0 ver\u00f0i\u00f0 a\u00f0 m\u00e6ta.<\/p>\n<p>\u00c1FRAM FRAM<\/p>","protected":false},"excerpt":{"rendered":"<p>Str\u00e1karnir okkar \u00ed handboltanum fengu Stj\u00f6rnuna i heims\u00f3kn \u00ed Safam\u00fdrina \u00ed kv\u00f6ld. \u00dea\u00f0 var \u00e1g\u00e6tlega m\u00e6tt \u00e1 leikinn, okkar sau\u00f0tryggu stu\u00f0ningsmenn m\u00e6ta alltaf og s\u00e9rlega gaman a\u00f0 sj\u00e1 fleiri og [&hellip;]<\/p>","protected":false},"author":4,"featured_media":14350,"comment_status":"open","ping_status":"open","sticky":false,"template":"","format":"standard","meta":{"_monsterinsights_skip_tracking":false,"_monsterinsights_sitenote_active":false,"_monsterinsights_sitenote_note":"","_monsterinsights_sitenote_category":0,"_jetpack_memberships_contains_paid_content":false,"footnotes":""},"categories":[6,19],"tags":[],"class_list":["post-14346","post","type-post","status-publish","format-standard","has-post-thumbnail","hentry","category-handbolti","category-mfl-karla"],"jetpack_sharing_enabled":true,"jetpack_featured_media_url":"https:\/\/fram.is\/wp-content\/uploads\/2016\/10\/Valt\u00fdr-vefur-scaled.jpg","_links":{"self":[{"href":"https:\/\/fram.is\/is\/wp-json\/wp\/v2\/posts\/14346","targetHints":{"allow":["GET"]}}],"collection":[{"href":"https:\/\/fram.is\/is\/wp-json\/wp\/v2\/posts"}],"about":[{"href":"https:\/\/fram.is\/is\/wp-json\/wp\/v2\/types\/post"}],"author":[{"embeddable":true,"href":"https:\/\/fram.is\/is\/wp-json\/wp\/v2\/users\/4"}],"replies":[{"embeddable":true,"href":"https:\/\/fram.is\/is\/wp-json\/wp\/v2\/comments?post=14346"}],"version-history":[{"count":0,"href":"https:\/\/fram.is\/is\/wp-json\/wp\/v2\/posts\/14346\/revisions"}],"wp:featuredmedia":[{"embeddable":true,"href":"https:\/\/fram.is\/is\/wp-json\/wp\/v2\/media\/14350"}],"wp:attachment":[{"href":"https:\/\/fram.is\/is\/wp-json\/wp\/v2\/media?parent=14346"}],"wp:term":[{"taxonomy":"category","embeddable":true,"href":"https:\/\/fram.is\/is\/wp-json\/wp\/v2\/categories?post=14346"},{"taxonomy":"post_tag","embeddable":true,"href":"https:\/\/fram.is\/is\/wp-json\/wp\/v2\/tags?post=14346"}],"curies":[{"name":"wp","href":"https:\/\/api.w.org\/{rel}","templated":true}]}}