{"id":14377,"date":"2016-11-03T16:05:54","date_gmt":"2016-11-03T16:05:54","guid":{"rendered":"http:\/\/fram.is\/?p=14377"},"modified":"2016-11-03T16:05:54","modified_gmt":"2016-11-03T16:05:54","slug":"fjolmenni-a-uppskeruhatid-knattspyrnudeildar-fram","status":"publish","type":"post","link":"https:\/\/fram.is\/is\/2016\/11\/03\/fjolmenni-a-uppskeruhatid-knattspyrnudeildar-fram\/","title":{"rendered":"Fj\u00f6lmenni \u00e1 uppskeruh\u00e1ti\u00f0 knattspyrnudeildar FRAM"},"content":{"rendered":"<p><a href=\"http:\/\/fram.is\/is\/?attachment_id=14385\"><img fetchpriority=\"high\" decoding=\"async\" class=\"alignright size-medium wp-image-14385\" src=\"http:\/\/fram.is\/wp-content\/uploads\/2016\/11\/Uppskeruh\u00e1ti\u00f0-2016-8.-fl.-300x261.jpg\" alt=\"uppskeruhatid-2016-8-fl\" width=\"300\" height=\"261\" \/><\/a><\/p>\n<p><a href=\"http:\/\/fram.is\/is\/?attachment_id=14384\"><img decoding=\"async\" class=\"alignright size-medium wp-image-14384\" src=\"http:\/\/fram.is\/wp-content\/uploads\/2016\/11\/Uppskeruh\u00e1ti\u00f0-2016-7.-fl.-300x240.jpg\" alt=\"uppskeruhatid-2016-7-fl\" width=\"300\" height=\"240\" \/><\/a><a href=\"http:\/\/fram.is\/is\/?attachment_id=14386\"><img decoding=\"async\" class=\"alignright size-medium wp-image-14386\" src=\"http:\/\/fram.is\/wp-content\/uploads\/2016\/11\/Uppskruh\u00e1ti\u00f0-2016-6.-fl.-300x250.jpg\" alt=\"uppskruhatid-2016-6-fl\" width=\"300\" height=\"250\" \/><\/a><a href=\"http:\/\/fram.is\/is\/?attachment_id=14387\"><img loading=\"lazy\" decoding=\"async\" class=\"alignright size-medium wp-image-14387\" src=\"http:\/\/fram.is\/wp-content\/uploads\/2016\/11\/Uppskruh\u00e1ti\u00f0-2016-verlaunahafar-2016-300x250.jpg\" alt=\"uppskruhatid-2016-verlaunahafar-2016\" width=\"300\" height=\"250\" \/><\/a><a href=\"http:\/\/fram.is\/is\/?attachment_id=14388\"><img loading=\"lazy\" decoding=\"async\" class=\"alignright size-medium wp-image-14388\" src=\"http:\/\/fram.is\/wp-content\/uploads\/2016\/11\/Ver\u00f0laun-2016-4.-fl.kv_.-300x250.jpg\" alt=\"verdlaun-2016-4-fl-kv\" width=\"300\" height=\"250\" \/><\/a><a href=\"http:\/\/fram.is\/is\/?attachment_id=14379\"><img loading=\"lazy\" decoding=\"async\" class=\"alignright size-medium wp-image-14379\" src=\"http:\/\/fram.is\/wp-content\/uploads\/2016\/11\/D\u00f3marar-\u00e1rsins-2016-2.-fl.ka_.-300x250.jpg\" alt=\"domarar-arsins-2016-2-fl-ka\" width=\"300\" height=\"250\" \/><\/a><a href=\"http:\/\/fram.is\/is\/?attachment_id=14380\"><img loading=\"lazy\" decoding=\"async\" class=\"alignright size-medium wp-image-14380\" src=\"http:\/\/fram.is\/wp-content\/uploads\/2016\/11\/Er\u00edksbikarinn-2016-300x250.jpg\" alt=\"eriksbikarinn-2016\" width=\"300\" height=\"250\" \/><\/a><a href=\"http:\/\/fram.is\/is\/?attachment_id=14378\"><img loading=\"lazy\" decoding=\"async\" class=\"alignright size-medium wp-image-14378\" src=\"http:\/\/fram.is\/wp-content\/uploads\/2016\/11\/Best-\u00ed-mfl.kv_.-2016.-300x250.jpg\" alt=\"best-i-mfl-kv-2016\" width=\"300\" height=\"250\" \/><\/a>\u00dea\u00f0 var gr\u00ed\u00f0arlegur fj\u00f6ldi FRAMarar sem m\u00e6tti \u00ed FRAMh\u00fasi\u00f0 \u00a0\u00ed g\u00e6r \u00e1 uppskeruh\u00e1ti\u00f0 yngriflokka FRAM \u00ed f\u00f3tbolta. \u00dea\u00f0 var frekar \u00fer\u00f6ngt um okkur h\u00e9rna \u00ed Safam\u00fdrinni \u00ed g\u00e6r en allir s\u00e1ttir, or\u00f0i\u00f0 erfitt fyrir okkur a\u00f0 halda svona st\u00f3ra samkomu h\u00e9r \u00ed h\u00fasinu \u00e1n \u00feess a\u00f0 taka \u00ed\u00fer\u00f3ttasalinn undir.<\/p>\n<p>Eins og hef\u00f0 er fyrir \u00fe\u00e1 voru veitt ver\u00f0laun \u00ed \u00f6llum flokkum og s\u00ed\u00f0an var \u00f6llum bo\u00f0i\u00f0 upp \u00e1 veitingar.<\/p>\n<p>J\u00fal\u00edus Gu\u00f0mundsson forma\u00f0ur barna og unglingar\u00e1\u00f0s knattspyrnudeildar stj\u00f3rna\u00f0i h\u00e1ti\u00f0inni en leikmenn mfl.karla, kvenna og \u00fej\u00e1lfarar f\u00e9lagsins s\u00e1u um a\u00f0 afhenda kr\u00f6kkunum ver\u00f0launin \u00e1samt stj\u00f3rnarm\u00f6nnum \u00ed barna og unglingar\u00e1\u00f0i.<\/p>\n<p>Allir i\u00f0kendur \u00ed 8-7-6 fl. karla og kvenna fengu ver\u00f0launapening en \u00ed 5, 4, 3 og 2. flokki voru veitt tvenn ver\u00f0laun, besti leikma\u00f0ur og ver\u00f0laun fyrir framfarir. Auk \u00feess voru veitt ver\u00f0laun \u00ed meistaraflokki kvenna.<\/p>\n<p>A\u00f0 lokum var FRAM d\u00f3mari \u00e1rsins valinn og \u00a0Eir\u00edksbikarinn afhentur. \u00a0\u00dea\u00f0 er hef\u00f0 fyrir \u00fev\u00ed a\u00f0 veita einum leikmanni yngri flokkanna\u00a0 Eir\u00edksbikarinn sem er gefinn af R\u00edkar\u00f0i J\u00f3nssyni, landsli\u00f0smanni Fram til margra \u00e1ra, til minnigar um Eir\u00edk K J\u00f3nsson knattspyrnumann Fram. Eir\u00edksbikarinn er veittur \u00feeim einstakling sem me\u00f0 \u00e1stund sinni og framkomu innan sem utanvallar er sj\u00e1lfum s\u00e9r og f\u00e9laginu til s\u00f3ma.<\/p>\n<p>\u00deeir sem fengu ver\u00f0laun \u00ed g\u00e6r voru:<\/p>\n<p>5. flokkur kvk<br \/>\nSn\u00e6fr\u00ed\u00f0ur Eva Eir\u00edksd\u00f3ttir best<br \/>\nHildur Gu\u00f0bjarnard\u00f3ttir mestu framfarir<\/p>\n<p>5. flokkur kk<br \/>\nVeigar M\u00e1r Har\u00f0arson bestur<br \/>\nMikael Trausti Vi\u00f0arsson mestu framfarir<\/p>\n<p>4. flokkur kvk<br \/>\nHalld\u00f3ra Sif Einarsd\u00f3ttir best<br \/>\nAn\u00edta \u00deorvaldsd\u00f3ttir mestu framfarir<\/p>\n<p>4. flokkur kk<br \/>\nMikael Egill Ellertsson bestur<br \/>\nGunn\u00fe\u00f3r Le\u00f3 G\u00edslason mestu framfarir<\/p>\n<p>3. flokkur kvk<br \/>\n\u00d3l\u00edna Sif Hilmarsd\u00f3ttir best<br \/>\nAu\u00f0ur Erla Gunnarsd\u00f3ttir mestu framfarir<\/p>\n<p>3. flokkur kk<br \/>\nM\u00e1r \u00c6gisson bestur<br \/>\nBirgir Bent \u00deorvaldsson mestu framfarir<\/p>\n<p>2. flokkur kk<br \/>\nKrist\u00f3fer Reyes bestur<br \/>\nArn\u00f3r Siggeirsson mestu framfarir<\/p>\n<p>Meistaraflokkur kvenna<br \/>\nKrist\u00edn Gu\u00f0mundsd\u00f3ttir best<br \/>\nEsther Ruth A\u00f0alsteinsd\u00f3ttir efnilegust<\/p>\n<p>FRAM d\u00f3mari \u00e1rsins var valinn 2. flokkur karla \u00ed f\u00f3tbolta.<\/p>\n<p>Eir\u00edksbikarinn 2016 hlaut Alex Freyr Har\u00f0arson<\/p>\n<p>Til hamingju FRAMarar<\/p>\n<p>&nbsp;<\/p>","protected":false},"excerpt":{"rendered":"<p>\u00dea\u00f0 var gr\u00ed\u00f0arlegur fj\u00f6ldi FRAMarar sem m\u00e6tti \u00ed FRAMh\u00fasi\u00f0 \u00a0\u00ed g\u00e6r \u00e1 uppskeruh\u00e1ti\u00f0 yngriflokka FRAM \u00ed f\u00f3tbolta. \u00dea\u00f0 var frekar \u00fer\u00f6ngt um okkur h\u00e9rna \u00ed Safam\u00fdrinni \u00ed g\u00e6r en allir [&hellip;]<\/p>","protected":false},"author":4,"featured_media":14381,"comment_status":"open","ping_status":"open","sticky":false,"template":"","format":"standard","meta":{"_monsterinsights_skip_tracking":false,"_monsterinsights_sitenote_active":false,"_monsterinsights_sitenote_note":"","_monsterinsights_sitenote_category":0,"_jetpack_memberships_contains_paid_content":false,"footnotes":""},"categories":[12,9,13],"tags":[],"class_list":["post-14377","post","type-post","status-publish","format-standard","has-post-thumbnail","hentry","category-mflkvenna","category-fotbolti","category-yngriflokkar"],"jetpack_sharing_enabled":true,"jetpack_featured_media_url":"https:\/\/fram.is\/wp-content\/uploads\/2016\/11\/Uppskeruh\u00e1ti\u00f0-vefur-scaled.jpg","_links":{"self":[{"href":"https:\/\/fram.is\/is\/wp-json\/wp\/v2\/posts\/14377","targetHints":{"allow":["GET"]}}],"collection":[{"href":"https:\/\/fram.is\/is\/wp-json\/wp\/v2\/posts"}],"about":[{"href":"https:\/\/fram.is\/is\/wp-json\/wp\/v2\/types\/post"}],"author":[{"embeddable":true,"href":"https:\/\/fram.is\/is\/wp-json\/wp\/v2\/users\/4"}],"replies":[{"embeddable":true,"href":"https:\/\/fram.is\/is\/wp-json\/wp\/v2\/comments?post=14377"}],"version-history":[{"count":0,"href":"https:\/\/fram.is\/is\/wp-json\/wp\/v2\/posts\/14377\/revisions"}],"wp:featuredmedia":[{"embeddable":true,"href":"https:\/\/fram.is\/is\/wp-json\/wp\/v2\/media\/14381"}],"wp:attachment":[{"href":"https:\/\/fram.is\/is\/wp-json\/wp\/v2\/media?parent=14377"}],"wp:term":[{"taxonomy":"category","embeddable":true,"href":"https:\/\/fram.is\/is\/wp-json\/wp\/v2\/categories?post=14377"},{"taxonomy":"post_tag","embeddable":true,"href":"https:\/\/fram.is\/is\/wp-json\/wp\/v2\/tags?post=14377"}],"curies":[{"name":"wp","href":"https:\/\/api.w.org\/{rel}","templated":true}]}}