{"id":14397,"date":"2016-11-03T16:54:10","date_gmt":"2016-11-03T16:54:10","guid":{"rendered":"http:\/\/fram.is\/?p=14397"},"modified":"2016-11-03T16:54:10","modified_gmt":"2016-11-03T16:54:10","slug":"tveir-fra-fram-i-urtakshopi-islands-u19","status":"publish","type":"post","link":"https:\/\/fram.is\/is\/2016\/11\/03\/tveir-fra-fram-i-urtakshopi-islands-u19\/","title":{"rendered":"Tveir fr\u00e1 FRAM \u00ed \u00fartaksh\u00f3pi \u00cdslands U19"},"content":{"rendered":"<p><a href=\"http:\/\/fram.is\/is\/2015\/09\/tveir-fra-fram-i-urtakshopi-ksi-u17\/maggi-2\/\"><img fetchpriority=\"high\" decoding=\"async\" class=\"alignright size-medium wp-image-11155\" src=\"http:\/\/fram.is\/wp-content\/uploads\/2015\/09\/Maggi-300x261.jpg\" alt=\"Maggi\" width=\"300\" height=\"261\" \/><\/a><a href=\"http:\/\/fram.is\/is\/2015\/09\/tveir-fra-fram-i-urtakshopi-ksi-u17\/helgi-i-leik\/\"><img decoding=\"async\" class=\"alignright size-medium wp-image-11154\" src=\"http:\/\/fram.is\/wp-content\/uploads\/2015\/09\/helgi-i-leik-300x261.jpg\" alt=\"helgi i leik\" width=\"300\" height=\"261\" \/><\/a>Valinn hefur veri\u00f0 \u00e6fingah\u00f3pur \u00cdslands \u00a0U19 sem tekur \u00fe\u00e1tt \u00ed \u00fartaks\u00e6fingum helgina 11-13 n\u00f3v.undir stj\u00f3rn \u00a0\u00deorvaldar \u00d6rlygssonar \u00fej\u00e1lfara U19 landsli\u00f0s \u00cdslands. Vi\u00f0 FRAMarar erum stoltir af \u00fev\u00ed a\u00f0 eiga tvo \u00a0fulltr\u00faa \u00ed \u00feessum \u00fartaksh\u00f3pi en \u00feeir sem voru valdir fr\u00e1 \u00a0FRAM a\u00f0 \u00feessu sinni eru:<\/p>\n<p>Helgi Gu\u00f0j\u00f3nsson\u00a0 \u00a0\u00a0\u00a0\u00a0\u00a0\u00a0\u00a0\u00a0\u00a0\u00a0\u00a0\u00a0\u00a0\u00a0\u00a0\u00a0\u00a0\u00a0\u00a0\u00a0\u00a0\u00a0\u00a0\u00a0 Fram<br \/>\nMagn\u00fas Sn\u00e6r Dagbjartsson\u00a0\u00a0\u00a0 \u00a0\u00a0\u00a0\u00a0 Fram<\/p>\n<p>Gangi ykkur vel.<\/p>\n<p>\u00c1FRAM FRAM<\/p>","protected":false},"excerpt":{"rendered":"<p>Valinn hefur veri\u00f0 \u00e6fingah\u00f3pur \u00cdslands \u00a0U19 sem tekur \u00fe\u00e1tt \u00ed \u00fartaks\u00e6fingum helgina 11-13 n\u00f3v.undir stj\u00f3rn \u00a0\u00deorvaldar \u00d6rlygssonar \u00fej\u00e1lfara U19 landsli\u00f0s \u00cdslands. Vi\u00f0 FRAMarar erum stoltir af \u00fev\u00ed a\u00f0 eiga tvo [&hellip;]<\/p>","protected":false},"author":4,"featured_media":13394,"comment_status":"open","ping_status":"open","sticky":false,"template":"","format":"standard","meta":{"_monsterinsights_skip_tracking":false,"_monsterinsights_sitenote_active":false,"_monsterinsights_sitenote_note":"","_monsterinsights_sitenote_category":0,"_jetpack_memberships_contains_paid_content":false,"footnotes":""},"categories":[13,9],"tags":[],"class_list":["post-14397","post","type-post","status-publish","format-standard","has-post-thumbnail","hentry","category-yngriflokkar","category-fotbolti"],"jetpack_sharing_enabled":true,"jetpack_featured_media_url":"https:\/\/fram.is\/wp-content\/uploads\/2016\/06\/Helgi-vefur-scaled.jpg","_links":{"self":[{"href":"https:\/\/fram.is\/is\/wp-json\/wp\/v2\/posts\/14397","targetHints":{"allow":["GET"]}}],"collection":[{"href":"https:\/\/fram.is\/is\/wp-json\/wp\/v2\/posts"}],"about":[{"href":"https:\/\/fram.is\/is\/wp-json\/wp\/v2\/types\/post"}],"author":[{"embeddable":true,"href":"https:\/\/fram.is\/is\/wp-json\/wp\/v2\/users\/4"}],"replies":[{"embeddable":true,"href":"https:\/\/fram.is\/is\/wp-json\/wp\/v2\/comments?post=14397"}],"version-history":[{"count":0,"href":"https:\/\/fram.is\/is\/wp-json\/wp\/v2\/posts\/14397\/revisions"}],"wp:featuredmedia":[{"embeddable":true,"href":"https:\/\/fram.is\/is\/wp-json\/wp\/v2\/media\/13394"}],"wp:attachment":[{"href":"https:\/\/fram.is\/is\/wp-json\/wp\/v2\/media?parent=14397"}],"wp:term":[{"taxonomy":"category","embeddable":true,"href":"https:\/\/fram.is\/is\/wp-json\/wp\/v2\/categories?post=14397"},{"taxonomy":"post_tag","embeddable":true,"href":"https:\/\/fram.is\/is\/wp-json\/wp\/v2\/tags?post=14397"}],"curies":[{"name":"wp","href":"https:\/\/api.w.org\/{rel}","templated":true}]}}