{"id":14449,"date":"2016-11-11T12:19:42","date_gmt":"2016-11-11T12:19:42","guid":{"rendered":"http:\/\/fram.is\/?p=14449"},"modified":"2016-11-11T12:19:42","modified_gmt":"2016-11-11T12:19:42","slug":"gudrun-osk-og-steinunn-valdar-i-a-landslid-islands","status":"publish","type":"post","link":"https:\/\/fram.is\/is\/2016\/11\/11\/gudrun-osk-og-steinunn-valdar-i-a-landslid-islands\/","title":{"rendered":"Gu\u00f0r\u00fan \u00d3sk og Steinunn valdar \u00ed A landsli\u00f0 \u00cdslands"},"content":{"rendered":"<p><a href=\"http:\/\/fram.is\/is\/2016\/11\/fram-i-8-lida-urslit-eftir-godan-sigur-i-coca-cola-bikar-kvenna\/gudrun-osk-6\/\"><img fetchpriority=\"high\" decoding=\"async\" class=\"alignright size-medium wp-image-14416\" src=\"http:\/\/fram.is\/wp-content\/uploads\/2016\/11\/Gu\u00f0run-Osk-300x300.jpg\" alt=\"gudrun-osk\" width=\"300\" height=\"300\" \/><\/a><a href=\"http:\/\/fram.is\/is\/?attachment_id=14452\"><img decoding=\"async\" class=\"alignright size-medium wp-image-14452\" src=\"http:\/\/fram.is\/wp-content\/uploads\/2016\/11\/Steinunn-gegn-Selfoss-300x200.jpg\" alt=\"steinunn-gegn-selfoss\" width=\"300\" height=\"200\" \/><\/a>Axel Stef\u00e1nsson \u00fej\u00e1lfari A-landsli\u00f0s kvenna hefur vali\u00f0 16 leikmenn sem taka \u00fe\u00e1tt \u00ed forkeppni \u00ed F\u00e6reyjum fyrir HM 2017. Ri\u00f0illinn fer fram \u00ed F\u00e6reyjum 2 &#8211; 4. desember og komast tv\u00f6 li\u00f0 \u00e1fram \u00ed umspil um s\u00e6ti \u00e1 HM.\u00a0\u00a0 Leikir li\u00f0sins eru:<br \/>\n2.desember kl.18.00\u00a0 \u00a0Austurr\u00edki \u2013 \u00cdsland<br \/>\n3. desember kl.20.00\u00a0 \u00cdsland \u2013 F\u00e6reyjar<br \/>\n4. desember kl.16.00\u00a0 \u00cdsland &#8211; Maked\u00f3n\u00eda<\/p>\n<p>Vi\u00f0 FRAMarar erum stoltir af \u00fev\u00ed a\u00f0 eiga tvo fulltr\u00faa \u00ed \u00feessum landsli\u00f0sh\u00f3pi \u00cdslands en \u00fe\u00e6r sem voru valdar a\u00f0 \u00feessu sinni eru:<\/p>\n<p>Gu\u00f0r\u00fan \u00d3sk Mar\u00edasd\u00f3ttir\u00a0\u00a0\u00a0\u00a0\u00a0\u00a0\u00a0\u00a0\u00a0\u00a0\u00a0\u00a0 Fram<br \/>\nSteinunn Bj\u00f6rnsd\u00f3ttir\u00a0\u00a0\u00a0\u00a0\u00a0\u00a0\u00a0\u00a0\u00a0\u00a0\u00a0\u00a0\u00a0\u00a0\u00a0\u00a0\u00a0\u00a0\u00a0 Fram<\/p>\n<p>Gangi ykkur vel.<\/p>\n<p>\u00c1FRAM FRAM<\/p>","protected":false},"excerpt":{"rendered":"<p>Axel Stef\u00e1nsson \u00fej\u00e1lfari A-landsli\u00f0s kvenna hefur vali\u00f0 16 leikmenn sem taka \u00fe\u00e1tt \u00ed forkeppni \u00ed F\u00e6reyjum fyrir HM 2017. Ri\u00f0illinn fer fram \u00ed F\u00e6reyjum 2 &#8211; 4. desember og komast [&hellip;]<\/p>","protected":false},"author":4,"featured_media":14451,"comment_status":"open","ping_status":"open","sticky":false,"template":"","format":"standard","meta":{"_monsterinsights_skip_tracking":false,"_monsterinsights_sitenote_active":false,"_monsterinsights_sitenote_note":"","_monsterinsights_sitenote_category":0,"_jetpack_memberships_contains_paid_content":false,"footnotes":""},"categories":[6,15],"tags":[],"class_list":["post-14449","post","type-post","status-publish","format-standard","has-post-thumbnail","hentry","category-handbolti","category-mfl-kvenna"],"jetpack_sharing_enabled":true,"jetpack_featured_media_url":"https:\/\/fram.is\/wp-content\/uploads\/2016\/11\/Steinunn-gegn-Selfoss-g\u00f3\u00f0-vefur.jpg","_links":{"self":[{"href":"https:\/\/fram.is\/is\/wp-json\/wp\/v2\/posts\/14449","targetHints":{"allow":["GET"]}}],"collection":[{"href":"https:\/\/fram.is\/is\/wp-json\/wp\/v2\/posts"}],"about":[{"href":"https:\/\/fram.is\/is\/wp-json\/wp\/v2\/types\/post"}],"author":[{"embeddable":true,"href":"https:\/\/fram.is\/is\/wp-json\/wp\/v2\/users\/4"}],"replies":[{"embeddable":true,"href":"https:\/\/fram.is\/is\/wp-json\/wp\/v2\/comments?post=14449"}],"version-history":[{"count":0,"href":"https:\/\/fram.is\/is\/wp-json\/wp\/v2\/posts\/14449\/revisions"}],"wp:featuredmedia":[{"embeddable":true,"href":"https:\/\/fram.is\/is\/wp-json\/wp\/v2\/media\/14451"}],"wp:attachment":[{"href":"https:\/\/fram.is\/is\/wp-json\/wp\/v2\/media?parent=14449"}],"wp:term":[{"taxonomy":"category","embeddable":true,"href":"https:\/\/fram.is\/is\/wp-json\/wp\/v2\/categories?post=14449"},{"taxonomy":"post_tag","embeddable":true,"href":"https:\/\/fram.is\/is\/wp-json\/wp\/v2\/tags?post=14449"}],"curies":[{"name":"wp","href":"https:\/\/api.w.org\/{rel}","templated":true}]}}