{"id":14487,"date":"2016-11-15T11:55:07","date_gmt":"2016-11-15T11:55:07","guid":{"rendered":"http:\/\/fram.is\/?p=14487"},"modified":"2016-11-15T11:55:07","modified_gmt":"2016-11-15T11:55:07","slug":"kvennakold-fram-verdur-haldid-laugardaginn-28-januar-2017-takid-daginn-fra","status":"publish","type":"post","link":"https:\/\/fram.is\/is\/2016\/11\/15\/kvennakold-fram-verdur-haldid-laugardaginn-28-januar-2017-takid-daginn-fra\/","title":{"rendered":"Kvennakv\u00f6ld FRAM ver\u00f0ur haldi\u00f0 laugardaginn 28. jan\u00faar 2017.  Taki\u00f0 daginn fr\u00e1"},"content":{"rendered":"<p><strong><a href=\"http:\/\/fram.is\/is\/2015\/10\/kvennakvoldi-fram-frestad-til-6-feb-2016\/kvennakvold-fram-2014\/\"><img fetchpriority=\"high\" decoding=\"async\" class=\"alignright size-medium wp-image-11580\" src=\"http:\/\/fram.is\/wp-content\/uploads\/2015\/10\/kvennakv\u00f6ld-FRAM-2014-300x300.jpg\" alt=\"kvennakv\u00f6ld FRAM  2014\" width=\"300\" height=\"300\" \/><\/a>Kvennakv\u00f6ld Fram ver\u00f0ur haldi\u00f0 laugardaginn 28. jan\u00faar 2017 \u00ed veislusal okkar FRAMara.<\/strong><\/p>\n<p><strong>Dagskr\u00e1:<\/strong><\/p>\n<ul>\n<li><strong>Fordrykkur<\/strong><\/li>\n<li><strong>Matur fr\u00e1 Ragnari \u00ed Lauga\u00e1s <\/strong><\/li>\n<li><strong>Veislustj\u00f3rn og skemmtun kynnt n\u00e1nar s\u00ed\u00f0ar\u00a0<\/strong><\/li>\n<li><strong>Gl\u00e6silegt happdr\u00e6tti meistaraflokks.<\/strong><\/li>\n<\/ul>\n<p><strong>H\u00fasi\u00f0 opnar kl. 19:30 og bor\u00f0hald hefst kl. 20:00.<br \/>\n<\/strong><strong><br \/>\nTaki\u00f0 daginn fr\u00e1<\/strong><\/p>\n<p><strong>Knattspyrnuf\u00e9lagi\u00f0 FRAM <\/strong><\/p>\n<p>&nbsp;<\/p>","protected":false},"excerpt":{"rendered":"<p>Kvennakv\u00f6ld Fram ver\u00f0ur haldi\u00f0 laugardaginn 28. jan\u00faar 2017 \u00ed veislusal okkar FRAMara. Dagskr\u00e1: Fordrykkur Matur fr\u00e1 Ragnari \u00ed Lauga\u00e1s Veislustj\u00f3rn og skemmtun kynnt n\u00e1nar s\u00ed\u00f0ar\u00a0 Gl\u00e6silegt happdr\u00e6tti meistaraflokks. H\u00fasi\u00f0 opnar [&hellip;]<\/p>","protected":false},"author":4,"featured_media":12206,"comment_status":"open","ping_status":"open","sticky":false,"template":"","format":"standard","meta":{"_monsterinsights_skip_tracking":false,"_monsterinsights_sitenote_active":false,"_monsterinsights_sitenote_note":"","_monsterinsights_sitenote_category":0,"_jetpack_memberships_contains_paid_content":false,"footnotes":""},"categories":[8,15,6,10,12,9],"tags":[],"class_list":["post-14487","post","type-post","status-publish","format-standard","has-post-thumbnail","hentry","category-adalstjorn","category-mfl-kvenna","category-handbolti","category-frettir","category-mflkvenna","category-fotbolti"],"jetpack_sharing_enabled":true,"jetpack_featured_media_url":"https:\/\/fram.is\/wp-content\/uploads\/2016\/01\/kvennakv\u00f6ld-2016-vefur-II.jpg","_links":{"self":[{"href":"https:\/\/fram.is\/is\/wp-json\/wp\/v2\/posts\/14487","targetHints":{"allow":["GET"]}}],"collection":[{"href":"https:\/\/fram.is\/is\/wp-json\/wp\/v2\/posts"}],"about":[{"href":"https:\/\/fram.is\/is\/wp-json\/wp\/v2\/types\/post"}],"author":[{"embeddable":true,"href":"https:\/\/fram.is\/is\/wp-json\/wp\/v2\/users\/4"}],"replies":[{"embeddable":true,"href":"https:\/\/fram.is\/is\/wp-json\/wp\/v2\/comments?post=14487"}],"version-history":[{"count":0,"href":"https:\/\/fram.is\/is\/wp-json\/wp\/v2\/posts\/14487\/revisions"}],"wp:featuredmedia":[{"embeddable":true,"href":"https:\/\/fram.is\/is\/wp-json\/wp\/v2\/media\/12206"}],"wp:attachment":[{"href":"https:\/\/fram.is\/is\/wp-json\/wp\/v2\/media?parent=14487"}],"wp:term":[{"taxonomy":"category","embeddable":true,"href":"https:\/\/fram.is\/is\/wp-json\/wp\/v2\/categories?post=14487"},{"taxonomy":"post_tag","embeddable":true,"href":"https:\/\/fram.is\/is\/wp-json\/wp\/v2\/tags?post=14487"}],"curies":[{"name":"wp","href":"https:\/\/api.w.org\/{rel}","templated":true}]}}