{"id":14492,"date":"2016-11-15T21:27:45","date_gmt":"2016-11-15T21:27:45","guid":{"rendered":"http:\/\/fram.is\/?p=14492"},"modified":"2016-11-15T21:27:45","modified_gmt":"2016-11-15T21:27:45","slug":"fram-stelpur-a-toppnum-fyrir-jolafri","status":"publish","type":"post","link":"https:\/\/fram.is\/is\/2016\/11\/15\/fram-stelpur-a-toppnum-fyrir-jolafri\/","title":{"rendered":"FRAM stelpur \u00e1 toppnum fyrir j\u00f3lafr\u00ed"},"content":{"rendered":"<p><a href=\"http:\/\/fram.is\/is\/2016\/11\/fram-stelpur-a-toppnum-fyrir-jolafri\/gudrun-osk-gegn-haukum\/\"><img fetchpriority=\"high\" decoding=\"async\" class=\"alignright size-medium wp-image-14495\" src=\"http:\/\/fram.is\/wp-content\/uploads\/2016\/11\/Gu\u00f0r\u00fan-\u00d3sk-gegn-Haukum-300x300.jpg\" alt=\"gudrun-osk-gegn-haukum\" width=\"300\" height=\"300\" \/><\/a>Stelpurnar okkar \u00ed handboltanum fengu Hauka \u00ed heims\u00f3kn \u00ed Safam\u00fdrina \u00ed kv\u00f6ld, \u00feetta var s\u00ed\u00f0asti leikur okkar \u00ed deildinn fyrir j\u00f3lafr\u00ed en leiknum var fl\u00edtt vegna Evr\u00f3pukeppni Hauka um n\u00e6stu helgi.\u00a0 \u00dea\u00f0 var \u00e1g\u00e6tlega m\u00e6tt en lj\u00f3st a\u00f0 ekki hafa allir nennt \u00fat \u00ed veturinn \u00ed kv\u00f6ld.<br \/>\nVi\u00f0 byrju\u00f0um leikinn s\u00e6milega, ekki miki\u00f0 skora\u00f0, varnarlega vorum \u00ed g\u00f3\u00f0um m\u00e1lum sta\u00f0an eftir 10 m\u00edn.\u00a0 3-2.\u00a0 Vi\u00f0 n\u00e1\u00f0um svo sm\u00e1tt og sm\u00e1tt a\u00f0 auka vi\u00f0 okkar forskot, okkur gekk betur a\u00f0 skora og v\u00f6rnin h\u00e9lt vel.\u00a0 Vi\u00f0 samt a\u00f0 gera full miki\u00f0 af\u00a0 misst\u00f6kum fyrir minn smekk.\u00a0 Sta\u00f0an eftir 20 m\u00edn. 7-3.\u00a0 Vi\u00f0 f\u00f3rum svo mest \u00ed 5 m\u00f6rk \u00ed st\u00f6\u00f0unni 10-5 en n\u00e1\u00f0um ekki a\u00f0 fylgja \u00fev\u00ed n\u00e6gjanlega eftir, vorum a\u00f0 gera full miki\u00f0 af misst\u00f6kum \u00e1 kafla en ger\u00f0um svo tv\u00f6 s\u00ed\u00f0ustu m\u00f6rkin fyrir hl\u00e9 og sta\u00f0an \u00ed h\u00e1lfleik 12-7.\u00a0 M\u00e9r taldist til a\u00f0 vi\u00f0 hef\u00f0um gert 10 t\u00e6knifeila \u00ed fyrri h\u00e1lfleik og \u00fea\u00f0 er full miki\u00f0.\u00a0 Annars litum vi\u00f0 \u00e1g\u00e6tlega \u00fat, g\u00e1tum kl\u00e1rlega gert betur en f\u00f3rum illa me\u00f0 g\u00f3\u00f0 s\u00f3knarf\u00e6ri.<br \/>\nS\u00ed\u00f0ari h\u00e1lfleikur byrja\u00f0i svo ekki n\u00f3gu vel, vi\u00f0 \u00e1fram a\u00f0 gera miki\u00f0 af misst\u00f6kum og f\u00f3rum bara illa me\u00f0 g\u00f3\u00f0 f\u00e6ri. Varnarlega vorum vi\u00f0 g\u00f3\u00f0ar og Gu\u00f0r\u00fan h\u00e9lt \u00e1fram a\u00f0 verja vel. Vi\u00f0 ger\u00f0um ekki mark fyrr en eftir 9 m\u00edn. \u00ed s\u00ed\u00f0ari h\u00e1lfleik. Sta\u00f0an eftir 40 m\u00edn. 14-11. Sta\u00f0an breyttist svo l\u00edti\u00f0 n\u00e6stu m\u00edn\u00fatur \u00fev\u00ed li\u00f0in f\u00f3ru illa me\u00f0 g\u00f3\u00f0a f\u00e6ri en miki\u00f0 fj\u00f6r \u00ed leiknum, markv\u00f6r\u00f0ur Hauka a\u00f0 verja vel \u00ed s\u00ed\u00f0ari h\u00e1lfleik. Vi\u00f0 ver\u00f0um samt a\u00f0 n\u00fdta f\u00e6rin okkar betur. Vi\u00f0 n\u00e1\u00f0um aftur fimm marka forrustu \u00e1 47 m\u00edn. en misstum mann \u00fataf og fengum \u00ed framhaldinu \u00e1 okkur 3 m\u00f6rk, sta\u00f0an eftir 50 m\u00edn. 16-14. Bullandi spenna kominn \u00ed leikinn.\u00a0 Li\u00f0unum gekk bara ekki vel a\u00f0 skora \u00ed \u00feessum leik og \u00fea\u00f0 breyttist l\u00edti\u00f0, leikurinn hrikalega spennandi, \u00fe\u00f3tt hann v\u00e6ri kannski ekkert s\u00e9rstaklega g\u00f3\u00f0ur, vi\u00f0 ger\u00f0um eitt mark \u00e1 s\u00ed\u00f0ustu 10 m\u00edn. leiksins og \u00fea\u00f0 dug\u00f0i \u00ed kv\u00f6ld. \u00dea\u00f0 var bara magna\u00f0 a\u00f0 vinna \u00feennan leik og kl\u00e1ra m\u00f3ti\u00f0 fyrir j\u00f3l taplausar. Lokat\u00f6lur 17-16.<br \/>\n\u00c9g held a\u00f0 vi\u00f0 hj\u00f3tum a\u00f0 fagna \u00feessu sigri vel, m\u00e9r fannst eins og vi\u00f0 v\u00e6rum or\u00f0nar p\u00ednu \u00fereyttar, allavega sumar. Vi\u00f0 b\u00fanar a\u00f0 spila nokkra erfi\u00f0a leiki \u00e1 stuttum t\u00edma, k\u00e6rkomi\u00f0 a\u00f0 f\u00e1 sm\u00e1 p\u00e1su fr\u00e1 keppni og \u00e9g veit a\u00f0 nokkrir leikmenn eru t\u00e6pir og \u00feurfa hv\u00edldina.\u00a0 Vi\u00f0 unnum \u00feennan leik \u00e1 li\u00f0sheild, markvarsla og v\u00f6rn vann \u00feennan leik en s\u00f3knarlega vorum vi\u00f0 klaufar og f\u00f3rum mj\u00f6g illa me\u00f0 g\u00f3\u00f0 f\u00e6ri. Mj\u00f6g s\u00e9rstakt a\u00f0 gera 5 m\u00f6rk \u00ed s\u00ed\u00f0ari h\u00e1lfleik og vinna.\u00a0 Fr\u00e1b\u00e6rt a\u00f0 vera \u00e1 toppnum fyrir j\u00f3l, ekki bara \u00fea\u00f0 heldur l\u00edka taplausar og ekki h\u00e6gt a\u00f0 bi\u00f0ja um miki\u00f0 meira.\u00a0 Vel gert stelpur.<br \/>\nN\u00e6sti leikur ver\u00f0ur v\u00e6ntanlega milli j\u00f3la og n\u00fd\u00e1rs \u00ed deildarbikarnum a\u00f0 Strandg\u00f6tu, \u00feanga\u00f0 til \u00a0nj\u00f3ti\u00f0 l\u00edfsins.<\/p>\n<p>\u00c1FRAM FRAM<\/p>\n<p>Myndir \u00e1\u00a0<a href=\"http:\/\/frammyndir.123.is\/pictures\/\" target=\"_blank\" rel=\"noopener\">http:\/\/frammyndir.123.is\/pictures\/<\/a><\/p>","protected":false},"excerpt":{"rendered":"<p>Stelpurnar okkar \u00ed handboltanum fengu Hauka \u00ed heims\u00f3kn \u00ed Safam\u00fdrina \u00ed kv\u00f6ld, \u00feetta var s\u00ed\u00f0asti leikur okkar \u00ed deildinn fyrir j\u00f3lafr\u00ed en leiknum var fl\u00edtt vegna Evr\u00f3pukeppni Hauka um n\u00e6stu [&hellip;]<\/p>","protected":false},"author":4,"featured_media":14374,"comment_status":"open","ping_status":"open","sticky":false,"template":"","format":"standard","meta":{"_monsterinsights_skip_tracking":false,"_monsterinsights_sitenote_active":false,"_monsterinsights_sitenote_note":"","_monsterinsights_sitenote_category":0,"_jetpack_memberships_contains_paid_content":false,"footnotes":""},"categories":[6,15],"tags":[],"class_list":["post-14492","post","type-post","status-publish","format-standard","has-post-thumbnail","hentry","category-handbolti","category-mfl-kvenna"],"jetpack_sharing_enabled":true,"jetpack_featured_media_url":"https:\/\/fram.is\/wp-content\/uploads\/2016\/11\/Hekla-gegn-Gr\u00f3ttu-vefur.jpg","_links":{"self":[{"href":"https:\/\/fram.is\/is\/wp-json\/wp\/v2\/posts\/14492","targetHints":{"allow":["GET"]}}],"collection":[{"href":"https:\/\/fram.is\/is\/wp-json\/wp\/v2\/posts"}],"about":[{"href":"https:\/\/fram.is\/is\/wp-json\/wp\/v2\/types\/post"}],"author":[{"embeddable":true,"href":"https:\/\/fram.is\/is\/wp-json\/wp\/v2\/users\/4"}],"replies":[{"embeddable":true,"href":"https:\/\/fram.is\/is\/wp-json\/wp\/v2\/comments?post=14492"}],"version-history":[{"count":0,"href":"https:\/\/fram.is\/is\/wp-json\/wp\/v2\/posts\/14492\/revisions"}],"wp:featuredmedia":[{"embeddable":true,"href":"https:\/\/fram.is\/is\/wp-json\/wp\/v2\/media\/14374"}],"wp:attachment":[{"href":"https:\/\/fram.is\/is\/wp-json\/wp\/v2\/media?parent=14492"}],"wp:term":[{"taxonomy":"category","embeddable":true,"href":"https:\/\/fram.is\/is\/wp-json\/wp\/v2\/categories?post=14492"},{"taxonomy":"post_tag","embeddable":true,"href":"https:\/\/fram.is\/is\/wp-json\/wp\/v2\/tags?post=14492"}],"curies":[{"name":"wp","href":"https:\/\/api.w.org\/{rel}","templated":true}]}}