{"id":14498,"date":"2016-11-17T16:45:54","date_gmt":"2016-11-17T16:45:54","guid":{"rendered":"http:\/\/fram.is\/?p=14498"},"modified":"2016-11-17T16:45:54","modified_gmt":"2016-11-17T16:45:54","slug":"hafthor-thrastar-og-fram-sameinast-um-starfslok","status":"publish","type":"post","link":"https:\/\/fram.is\/is\/2016\/11\/17\/hafthor-thrastar-og-fram-sameinast-um-starfslok\/","title":{"rendered":"Haf\u00fe\u00f3r \u00derastar og FRAM sameinast um starfslok"},"content":{"rendered":"<p style=\"background: white; vertical-align: baseline; margin: 0cm 0cm 13.5pt 0cm;\"><span style=\"font-size: 9.0pt; font-family: 'Arial',sans-serif; color: #333333;\"><a href=\"http:\/\/fram.is\/is\/?attachment_id=14499\"><img fetchpriority=\"high\" decoding=\"async\" class=\"alignright size-medium wp-image-14499\" src=\"http:\/\/fram.is\/wp-content\/uploads\/2016\/11\/Haf\u00fe\u00f3r-261x300.jpg\" alt=\"hafthor\" width=\"261\" height=\"300\" \/><\/a>Knattspyrnudeild Fram og Haf\u00fe\u00f3r \u00derastarson hafa komist a\u00f0 sameiginlegri ni\u00f0urst\u00f6\u00f0u um starfslok\u00a0 Haf\u00fe\u00f3rs.<br \/>\nFram \u00feakkar Haf\u00fe\u00f3ri k\u00e6rlega fyrir hans framlag og \u00f3skar honum alls hins besta \u00ed framt\u00ed\u00f0inni.<\/p>\n<p>Knattspyrnudeild FRAM<\/span><\/p>","protected":false},"excerpt":{"rendered":"<p>Knattspyrnudeild Fram og Haf\u00fe\u00f3r \u00derastarson hafa komist a\u00f0 sameiginlegri ni\u00f0urst\u00f6\u00f0u um starfslok\u00a0 Haf\u00fe\u00f3rs. Fram \u00feakkar Haf\u00fe\u00f3ri k\u00e6rlega fyrir hans framlag og \u00f3skar honum alls hins besta \u00ed framt\u00ed\u00f0inni. Knattspyrnudeild FRAM<\/p>","protected":false},"author":4,"featured_media":13410,"comment_status":"open","ping_status":"open","sticky":false,"template":"","format":"standard","meta":{"_monsterinsights_skip_tracking":false,"_monsterinsights_sitenote_active":false,"_monsterinsights_sitenote_note":"","_monsterinsights_sitenote_category":0,"_jetpack_memberships_contains_paid_content":false,"footnotes":""},"categories":[11,9],"tags":[],"class_list":["post-14498","post","type-post","status-publish","format-standard","has-post-thumbnail","hentry","category-mflkarla","category-fotbolti"],"jetpack_sharing_enabled":true,"jetpack_featured_media_url":"https:\/\/fram.is\/wp-content\/uploads\/2016\/06\/FRAM-fagn-gegn-Leikni-vefur-god.jpg","_links":{"self":[{"href":"https:\/\/fram.is\/is\/wp-json\/wp\/v2\/posts\/14498","targetHints":{"allow":["GET"]}}],"collection":[{"href":"https:\/\/fram.is\/is\/wp-json\/wp\/v2\/posts"}],"about":[{"href":"https:\/\/fram.is\/is\/wp-json\/wp\/v2\/types\/post"}],"author":[{"embeddable":true,"href":"https:\/\/fram.is\/is\/wp-json\/wp\/v2\/users\/4"}],"replies":[{"embeddable":true,"href":"https:\/\/fram.is\/is\/wp-json\/wp\/v2\/comments?post=14498"}],"version-history":[{"count":0,"href":"https:\/\/fram.is\/is\/wp-json\/wp\/v2\/posts\/14498\/revisions"}],"wp:featuredmedia":[{"embeddable":true,"href":"https:\/\/fram.is\/is\/wp-json\/wp\/v2\/media\/13410"}],"wp:attachment":[{"href":"https:\/\/fram.is\/is\/wp-json\/wp\/v2\/media?parent=14498"}],"wp:term":[{"taxonomy":"category","embeddable":true,"href":"https:\/\/fram.is\/is\/wp-json\/wp\/v2\/categories?post=14498"},{"taxonomy":"post_tag","embeddable":true,"href":"https:\/\/fram.is\/is\/wp-json\/wp\/v2\/tags?post=14498"}],"curies":[{"name":"wp","href":"https:\/\/api.w.org\/{rel}","templated":true}]}}