{"id":14518,"date":"2016-11-21T10:32:15","date_gmt":"2016-11-21T10:32:15","guid":{"rendered":"http:\/\/fram.is\/?p=14518"},"modified":"2016-11-21T10:32:15","modified_gmt":"2016-11-21T10:32:15","slug":"dadey-asta-valinn-i-aefingahop-islands-u15-i-handbolta","status":"publish","type":"post","link":"https:\/\/fram.is\/is\/2016\/11\/21\/dadey-asta-valinn-i-aefingahop-islands-u15-i-handbolta\/","title":{"rendered":"Da\u00f0ey \u00c1sta valinn \u00ed \u00e6fingah\u00f3p \u00cdslands U15 \u00ed handbolta"},"content":{"rendered":"<p><a href=\"http:\/\/fram.is\/is\/2016\/10\/dadey-asta-valinn-i-aefingahop-islands-u-15-i-handbolta\/dadey-i-bikar-ii-god-2\/\"><img fetchpriority=\"high\" decoding=\"async\" class=\"alignright size-medium wp-image-14164\" src=\"http:\/\/fram.is\/wp-content\/uploads\/2016\/10\/Da\u00f0ey-\u00ed-bikar-II-g\u00f3\u00f0-261x300.jpg\" alt=\"dadey-i-bikar-ii-god\" width=\"261\" height=\"300\" \/><\/a>\u00d3lafur V\u00ed\u00f0ur \u00d3lafsson og Rakel D\u00f6gg Bragad\u00f3ttir, \u00fej\u00e1lfarar U15 \u00e1ra landsli\u00f0s kvenna \u00ed handbolta \u00a0hafa vali\u00f0 27 st\u00falkur til \u00e6finga helgina 25-27. n\u00f3vember.<br \/>\nVi\u00f0 FRAMarar erum stoltir af \u00fev\u00ed a\u00f0 eiga einn fulltr\u00faa \u00ed \u00feessum h\u00f3pi en Da\u00f0ey \u00c1sta H\u00e1ld\u00e1nard\u00f3ttir var valinn \u00ed h\u00f3pinn a\u00f0 \u00feessu sinni.<br \/>\n<strong><br \/>\n<\/strong>Da\u00f0ey \u00c1sta H\u00e1lfd\u00e1nard\u00f3ttir \u00a0 \u00a0 \u00a0 \u00a0 \u00a0 \u00a0 \u00a0 \u00a0 \u00a0 \u00a0 \u00a0 \u00a0 \u00a0 \u00a0 \u00a0 \u00a0 \u00a0 \u00a0 \u00a0Fram<\/p>\n<p>Gangi \u00fe\u00e9r vel Da\u00f0ey \u00c1sta.<\/p>\n<p>\u00c1FRAM FRAM<\/p>","protected":false},"excerpt":{"rendered":"<p>\u00d3lafur V\u00ed\u00f0ur \u00d3lafsson og Rakel D\u00f6gg Bragad\u00f3ttir, \u00fej\u00e1lfarar U15 \u00e1ra landsli\u00f0s kvenna \u00ed handbolta \u00a0hafa vali\u00f0 27 st\u00falkur til \u00e6finga helgina 25-27. n\u00f3vember. Vi\u00f0 FRAMarar erum stoltir af \u00fev\u00ed a\u00f0 [&hellip;]<\/p>","protected":false},"author":4,"featured_media":14165,"comment_status":"open","ping_status":"open","sticky":false,"template":"","format":"standard","meta":{"_monsterinsights_skip_tracking":false,"_monsterinsights_sitenote_active":false,"_monsterinsights_sitenote_note":"","_monsterinsights_sitenote_category":0,"_jetpack_memberships_contains_paid_content":false,"footnotes":""},"categories":[7,6],"tags":[],"class_list":["post-14518","post","type-post","status-publish","format-standard","has-post-thumbnail","hentry","category-yngri-flokkar","category-handbolti"],"jetpack_sharing_enabled":true,"jetpack_featured_media_url":"https:\/\/fram.is\/wp-content\/uploads\/2016\/10\/Da\u00f0ey-\u00ed-bikar-vefur.jpg","_links":{"self":[{"href":"https:\/\/fram.is\/is\/wp-json\/wp\/v2\/posts\/14518","targetHints":{"allow":["GET"]}}],"collection":[{"href":"https:\/\/fram.is\/is\/wp-json\/wp\/v2\/posts"}],"about":[{"href":"https:\/\/fram.is\/is\/wp-json\/wp\/v2\/types\/post"}],"author":[{"embeddable":true,"href":"https:\/\/fram.is\/is\/wp-json\/wp\/v2\/users\/4"}],"replies":[{"embeddable":true,"href":"https:\/\/fram.is\/is\/wp-json\/wp\/v2\/comments?post=14518"}],"version-history":[{"count":0,"href":"https:\/\/fram.is\/is\/wp-json\/wp\/v2\/posts\/14518\/revisions"}],"wp:featuredmedia":[{"embeddable":true,"href":"https:\/\/fram.is\/is\/wp-json\/wp\/v2\/media\/14165"}],"wp:attachment":[{"href":"https:\/\/fram.is\/is\/wp-json\/wp\/v2\/media?parent=14518"}],"wp:term":[{"taxonomy":"category","embeddable":true,"href":"https:\/\/fram.is\/is\/wp-json\/wp\/v2\/categories?post=14518"},{"taxonomy":"post_tag","embeddable":true,"href":"https:\/\/fram.is\/is\/wp-json\/wp\/v2\/tags?post=14518"}],"curies":[{"name":"wp","href":"https:\/\/api.w.org\/{rel}","templated":true}]}}