{"id":14522,"date":"2016-11-21T11:09:22","date_gmt":"2016-11-21T11:09:22","guid":{"rendered":"http:\/\/fram.is\/?p=14522"},"modified":"2016-11-21T11:09:22","modified_gmt":"2016-11-21T11:09:22","slug":"thrjar-fra-fram-a-aefingahopi-islands-u19-i-handbolta","status":"publish","type":"post","link":"https:\/\/fram.is\/is\/2016\/11\/21\/thrjar-fra-fram-a-aefingahopi-islands-u19-i-handbolta\/","title":{"rendered":"\u00derj\u00e1r fr\u00e1 FRAM \u00e1 \u00e6fingah\u00f3pi \u00cdslands U19 \u00ed handbolta"},"content":{"rendered":"<p><a href=\"http:\/\/fram.is\/is\/2016\/03\/fjorar-fra-fram-i-aefingahopi-islands-u18-i-handbolta\/heidrun-dis-3\/\"><img fetchpriority=\"high\" decoding=\"async\" class=\"alignright size-medium wp-image-12567\" src=\"http:\/\/fram.is\/wp-content\/uploads\/2016\/03\/Hei\u00f0r\u00fan-D\u00eds1-300x300.jpg\" alt=\"Hei\u00f0r\u00fan D\u00eds\" width=\"300\" height=\"300\" \/><\/a><a href=\"http:\/\/fram.is\/is\/2015\/01\/elisabet-mjoll-valinn-i-aefingahop-u-17\/elisabet-god-2\/\"><img decoding=\"async\" class=\"alignright size-medium wp-image-9282\" src=\"http:\/\/fram.is\/wp-content\/uploads\/2015\/01\/El\u00edsabet-g\u00f3\u00f0-300x260.jpg\" alt=\"El\u00edsabet g\u00f3\u00f0\" width=\"300\" height=\"260\" \/><\/a><a href=\"http:\/\/fram.is\/is\/2016\/03\/fjorar-fra-fram-i-aefingahopi-islands-u18-i-handbolta\/ragnheidur-osk-2\/\"><img decoding=\"async\" class=\"alignright size-medium wp-image-12566\" src=\"http:\/\/fram.is\/wp-content\/uploads\/2016\/03\/Ragnhei\u00f0ur-\u00d3sk-300x300.jpg\" alt=\"Ragnhei\u00f0ur \u00d3sk\" width=\"300\" height=\"300\" \/><\/a>K\u00e1ri Gar\u00f0arsson \u00fej\u00e1lfari U19 \u00e1ra landsli\u00f0s kvenna \u00ed handbolta hefur vali\u00f0 21 st\u00falku til \u00e6finga 23-26. n\u00f3vember.<br \/>\nVi\u00f0 FRAMarar erum s\u00e9rlega stoltir af \u00fev\u00ed a\u00f0 eiga \u00ferj\u00e1 fulltr\u00faa \u00ed \u00feessum h\u00f3pi.\u00a0 En \u00fe\u00e6r sem voru valdar fr\u00e1 FRAM a\u00f0 \u00feessu sinni eru:<\/p>\n<p>Hei\u00f0r\u00fan D\u00eds Magn\u00fasd\u00f3ttir \u00a0 \u00a0 \u00a0 \u00a0 \u00a0 \u00a0 \u00a0 \u00a0 \u00a0 \u00a0 \u00a0 \u00a0 \u00a0 \u00a0 \u00a0 Fram<br \/>\nEl\u00edsabet Mj\u00f6ll Gu\u00f0j\u00f3nsd\u00f3ttir \u00a0 \u00a0 \u00a0 \u00a0 \u00a0 \u00a0 \u00a0 \u00a0 \u00a0 \u00a0 \u00a0 \u00a0 \u00a0 Fram<br \/>\nRagnhei\u00f0ur \u00d3sk Ingvarsd\u00f3ttir\u00a0\u00a0\u00a0\u00a0\u00a0\u00a0\u00a0\u00a0\u00a0\u00a0\u00a0\u00a0\u00a0\u00a0\u00a0\u00a0\u00a0\u00a0\u00a0\u00a0\u00a0\u00a0\u00a0 Fram<\/p>\n<p>Gangi ykkur vel.<\/p>\n<p>\u00c1FRAM FRAM<\/p>","protected":false},"excerpt":{"rendered":"<p>K\u00e1ri Gar\u00f0arsson \u00fej\u00e1lfari U19 \u00e1ra landsli\u00f0s kvenna \u00ed handbolta hefur vali\u00f0 21 st\u00falku til \u00e6finga 23-26. n\u00f3vember. Vi\u00f0 FRAMarar erum s\u00e9rlega stoltir af \u00fev\u00ed a\u00f0 eiga \u00ferj\u00e1 fulltr\u00faa \u00ed \u00feessum [&hellip;]<\/p>","protected":false},"author":4,"featured_media":11506,"comment_status":"open","ping_status":"open","sticky":false,"template":"","format":"standard","meta":{"_monsterinsights_skip_tracking":false,"_monsterinsights_sitenote_active":false,"_monsterinsights_sitenote_note":"","_monsterinsights_sitenote_category":0,"_jetpack_memberships_contains_paid_content":false,"footnotes":""},"categories":[7,6,15],"tags":[],"class_list":["post-14522","post","type-post","status-publish","format-standard","has-post-thumbnail","hentry","category-yngri-flokkar","category-handbolti","category-mfl-kvenna"],"jetpack_sharing_enabled":true,"jetpack_featured_media_url":"https:\/\/fram.is\/wp-content\/uploads\/2015\/10\/El\u00edsabet-scaled.jpg","_links":{"self":[{"href":"https:\/\/fram.is\/is\/wp-json\/wp\/v2\/posts\/14522","targetHints":{"allow":["GET"]}}],"collection":[{"href":"https:\/\/fram.is\/is\/wp-json\/wp\/v2\/posts"}],"about":[{"href":"https:\/\/fram.is\/is\/wp-json\/wp\/v2\/types\/post"}],"author":[{"embeddable":true,"href":"https:\/\/fram.is\/is\/wp-json\/wp\/v2\/users\/4"}],"replies":[{"embeddable":true,"href":"https:\/\/fram.is\/is\/wp-json\/wp\/v2\/comments?post=14522"}],"version-history":[{"count":0,"href":"https:\/\/fram.is\/is\/wp-json\/wp\/v2\/posts\/14522\/revisions"}],"wp:featuredmedia":[{"embeddable":true,"href":"https:\/\/fram.is\/is\/wp-json\/wp\/v2\/media\/11506"}],"wp:attachment":[{"href":"https:\/\/fram.is\/is\/wp-json\/wp\/v2\/media?parent=14522"}],"wp:term":[{"taxonomy":"category","embeddable":true,"href":"https:\/\/fram.is\/is\/wp-json\/wp\/v2\/categories?post=14522"},{"taxonomy":"post_tag","embeddable":true,"href":"https:\/\/fram.is\/is\/wp-json\/wp\/v2\/tags?post=14522"}],"curies":[{"name":"wp","href":"https:\/\/api.w.org\/{rel}","templated":true}]}}