{"id":14746,"date":"2017-01-04T10:34:51","date_gmt":"2017-01-04T10:34:51","guid":{"rendered":"http:\/\/fram.is\/?p=14746"},"modified":"2017-01-04T10:34:51","modified_gmt":"2017-01-04T10:34:51","slug":"thrjar-fra-fram-i-aefingahopi-islands-u17-kvenna","status":"publish","type":"post","link":"https:\/\/fram.is\/is\/2017\/01\/04\/thrjar-fra-fram-i-aefingahopi-islands-u17-kvenna\/","title":{"rendered":"\u00derj\u00e1r fr\u00e1 FRAM \u00ed \u00e6fingah\u00f3pi \u00cdslands U17 kvenna"},"content":{"rendered":"<p><a href=\"http:\/\/fram.is\/is\/?attachment_id=14747\"><img fetchpriority=\"high\" decoding=\"async\" class=\"alignright size-medium wp-image-14747\" src=\"http:\/\/fram.is\/wp-content\/uploads\/2017\/01\/Erna-Gu\u00f0laug-300x300.jpg\" alt=\"erna-gudlaug\" width=\"300\" height=\"300\" \/><\/a><a href=\"http:\/\/fram.is\/is\/2016\/10\/thrjar-fra-fram-i-aefingahopi-islands-u-17-i-handbolta\/harpa-maria-2\/\"><img decoding=\"async\" class=\"alignright size-medium wp-image-14159\" src=\"http:\/\/fram.is\/wp-content\/uploads\/2016\/10\/Harpa-Mar\u00eda-300x300.jpg\" alt=\"harpa-maria\" width=\"300\" height=\"300\" \/><\/a><a href=\"http:\/\/fram.is\/is\/2016\/12\/thrjar-fra-fram-i-landslidshopi-islands-u19-kvenna\/lena-margret-2\/\"><img decoding=\"async\" class=\"alignright size-medium wp-image-14680\" src=\"http:\/\/fram.is\/wp-content\/uploads\/2016\/12\/Lena-Margr\u00e9t-300x300.jpg\" alt=\"lena-margret\" width=\"300\" height=\"300\" \/><\/a>Haraldur \u00deorvar\u00f0arson og Sigurgeir J\u00f3nsson, n\u00fdr\u00e1\u00f0nir landsli\u00f0s \u00fej\u00e1lfarar \u00cdslands U-17 \u00e1ra kvenna \u00ed handbolta hafa vali\u00f0 h\u00f3p sem kemur saman til \u00e6finga helgina 6 &#8211; 8. jan\u00faar. \u00a0Vi\u00f0 FRAMarar erum stoltir af \u00fev\u00ed a\u00f0 eiga \u00ferj\u00e1 fulltr\u00faa \u00ed \u00feessum landsli\u00f0sh\u00f3pi en \u00fe\u00e6r sem voru valdir fr\u00e1 FRAM a\u00f0 \u00feessu sinni eru:<\/p>\n<p>Erna Gu\u00f0laug Gunnarsd\u00f3ttir\u00a0\u00a0\u00a0\u00a0\u00a0\u00a0\u00a0\u00a0\u00a0\u00a0\u00a0\u00a0\u00a0\u00a0\u00a0\u00a0\u00a0\u00a0\u00a0\u00a0\u00a0 Fram<br \/>\nHarpa Mar\u00eda Fri\u00f0geirsd\u00f3ttir\u00a0\u00a0\u00a0\u00a0\u00a0\u00a0\u00a0\u00a0\u00a0\u00a0\u00a0\u00a0\u00a0\u00a0\u00a0\u00a0\u00a0\u00a0\u00a0\u00a0\u00a0\u00a0\u00a0 Fram<br \/>\nLena Margr\u00e9t Valdimarsd\u00f3ttir\u00a0\u00a0\u00a0\u00a0\u00a0\u00a0\u00a0\u00a0\u00a0\u00a0\u00a0\u00a0\u00a0\u00a0\u00a0\u00a0\u00a0\u00a0 Fram<\/p>\n<p>Gangi ykkur vel.<\/p>\n<p>\u00c1FRAM FRAM<\/p>","protected":false},"excerpt":{"rendered":"<p>Haraldur \u00deorvar\u00f0arson og Sigurgeir J\u00f3nsson, n\u00fdr\u00e1\u00f0nir landsli\u00f0s \u00fej\u00e1lfarar \u00cdslands U-17 \u00e1ra kvenna \u00ed handbolta hafa vali\u00f0 h\u00f3p sem kemur saman til \u00e6finga helgina 6 &#8211; 8. jan\u00faar. \u00a0Vi\u00f0 FRAMarar erum [&hellip;]<\/p>","protected":false},"author":4,"featured_media":12583,"comment_status":"open","ping_status":"open","sticky":false,"template":"","format":"standard","meta":{"_monsterinsights_skip_tracking":false,"_monsterinsights_sitenote_active":false,"_monsterinsights_sitenote_note":"","_monsterinsights_sitenote_category":0,"_jetpack_memberships_contains_paid_content":false,"footnotes":""},"categories":[7,6,15],"tags":[],"class_list":["post-14746","post","type-post","status-publish","format-standard","has-post-thumbnail","hentry","category-yngri-flokkar","category-handbolti","category-mfl-kvenna"],"jetpack_sharing_enabled":true,"jetpack_featured_media_url":"https:\/\/fram.is\/wp-content\/uploads\/2016\/03\/Gu\u00f0laug-Erna-bikar-vefur.jpg","_links":{"self":[{"href":"https:\/\/fram.is\/is\/wp-json\/wp\/v2\/posts\/14746","targetHints":{"allow":["GET"]}}],"collection":[{"href":"https:\/\/fram.is\/is\/wp-json\/wp\/v2\/posts"}],"about":[{"href":"https:\/\/fram.is\/is\/wp-json\/wp\/v2\/types\/post"}],"author":[{"embeddable":true,"href":"https:\/\/fram.is\/is\/wp-json\/wp\/v2\/users\/4"}],"replies":[{"embeddable":true,"href":"https:\/\/fram.is\/is\/wp-json\/wp\/v2\/comments?post=14746"}],"version-history":[{"count":0,"href":"https:\/\/fram.is\/is\/wp-json\/wp\/v2\/posts\/14746\/revisions"}],"wp:featuredmedia":[{"embeddable":true,"href":"https:\/\/fram.is\/is\/wp-json\/wp\/v2\/media\/12583"}],"wp:attachment":[{"href":"https:\/\/fram.is\/is\/wp-json\/wp\/v2\/media?parent=14746"}],"wp:term":[{"taxonomy":"category","embeddable":true,"href":"https:\/\/fram.is\/is\/wp-json\/wp\/v2\/categories?post=14746"},{"taxonomy":"post_tag","embeddable":true,"href":"https:\/\/fram.is\/is\/wp-json\/wp\/v2\/tags?post=14746"}],"curies":[{"name":"wp","href":"https:\/\/api.w.org\/{rel}","templated":true}]}}