{"id":14749,"date":"2017-01-05T10:21:17","date_gmt":"2017-01-05T10:21:17","guid":{"rendered":"http:\/\/fram.is\/?p=14749"},"modified":"2017-01-05T10:21:17","modified_gmt":"2017-01-05T10:21:17","slug":"ithrottaskoli-fram-fyrir-3-6-ara-born-hefst-i-ithrottahusi-haaleitisskola-laugardaginn-14-januar-2017-2","status":"publish","type":"post","link":"https:\/\/fram.is\/is\/2017\/01\/05\/ithrottaskoli-fram-fyrir-3-6-ara-born-hefst-i-ithrottahusi-haaleitisskola-laugardaginn-14-januar-2017-2\/","title":{"rendered":"\u00cd\u00fer\u00f3ttask\u00f3li Fram fyrir 3 \u2013 6 \u00e1ra b\u00f6rn hefst \u00ed \u00cd\u00fer\u00f3ttah\u00fasi H\u00e1aleitissk\u00f3la laugardaginn 14. jan\u00faar 2017."},"content":{"rendered":"<p><strong><a href=\"http:\/\/fram.is\/is\/2016\/08\/ithrottaskoli-fram-fyrir-3-6-ara-born-hefst-i-ithrottahusi-alftamyrarskola-laugardaginn-10-september\/mynd-ithrottaskoli-haust-2016-i\/\"><img fetchpriority=\"high\" decoding=\"async\" class=\"alignright size-medium wp-image-14582\" src=\"http:\/\/fram.is\/wp-content\/uploads\/2016\/08\/Mynd-\u00ed\u00fer\u00f3ttask\u00f3li-haust-2016-I-261x300.jpg\" alt=\"mynd-ithrottaskoli-haust-2016-i\" width=\"261\" height=\"300\" \/><\/a>\u00cd\u00deR\u00d3TTASK\u00d3LI FRAM<br \/>\n<\/strong><strong><u>\u00cd\u00fer\u00f3ttask\u00f3li Fram fyrir 3 \u00a0\u2013 6 \u00e1ra b\u00f6rn \u00a0hefst \u00ed \u00cd\u00fer\u00f3ttah\u00fasi H\u00e1aleitissk\u00f3la \u00a0laugardaginn 14. jan\u00faar 2017<\/u><\/strong><strong>.<\/strong><\/p>\n<p>3ja til 6 \u00e1ra b\u00f6rn eru fr\u00e1 kl.10:45 til 11:45\u00a0(f\u00e6dd \u00b411 \u2013 \u00b414)<\/p>\n<p>Helsta markmi\u00f0 okkar \u00e1 n\u00e1mskei\u00f0inu \u00ed vetur er a\u00f0 b\u00f6rnin kynnist \u00a0\u00ed\u00fer\u00f3ttum \u00e1 skemmtilegan og fj\u00f6lbreyttan h\u00e1tt.<br \/>\nHelstu markmi\u00f0 eru s\u00ed\u00f0an a\u00f0 \u00e6fa gr\u00f3fhreyfingar, jafnv\u00e6gi, styrk , \u00fathald og l\u00edkamsvitund, l\u00e6ra h\u00f3pleiki og reglur \u00ed \u00feeim og styrkja me\u00f0 \u00fev\u00ed f\u00e9lagsf\u00e6rni barnanna.<br \/>\nAuk \u00feess \u00e1 \u00ed\u00fer\u00f3ttask\u00f3linn a\u00f0 vera skemmtileg samverustund foreldra og barns. Vi\u00f0 viljum benta ykkur \u00e1 a\u00f0 sko\u00f0a facebook s\u00ed\u00f0u sk\u00f3lans \u201c\u00ed\u00fer\u00f3ttask\u00f3li FRAM\u201d \u00fear er h\u00e6gt a\u00f0 sj\u00e1 hva\u00f0 vi\u00f0 h\u00f6fum veri\u00f0 a\u00f0 gera s\u00ed\u00f0astli\u00f0in \u00e1r.<br \/>\n<strong><u><br \/>\nN\u00e1mskei\u00f0i\u00f0 ver\u00f0ur \u00e1 laugard\u00f6gum og hefst 14. jan.\u00a0og l\u00fdkur\u00a01. apr\u00edl\u00a0 (12 t\u00edmar).<\/u><\/strong><\/p>\n<p><strong>Ver\u00f0 kr. 11.000.- (Systkinaafsl\u00e1ttur 1000 kr. \u00e1 barn).<\/strong><\/p>\n<p>Allar n\u00e1nari uppl\u00fdsingar eru \u00ed s\u00edma 533-5600 \u00ed \u00cd\u00fer\u00f3ttah\u00fasi Fram.<\/p>\n<p><strong>Skr\u00e1ning er hafin og fer fram \u00e1 heimas\u00ed\u00f0u Fram\u00a0<\/strong><a href=\"https:\/\/fram.felog.is\/\" target=\"_blank\" rel=\"noopener\"><strong>https:\/\/fram.felog.is\/<\/strong><\/a>\u00a0<strong>e\u00f0a \u00ed s\u00edmum 587-8800 \/ 533-5600.<br \/>\nEkki er teki\u00f0 vi\u00f0 skr\u00e1ningum \u00e1 sta\u00f0num.<\/strong><\/p>\n<p>H\u00e6gt er a\u00f0 f\u00e1 a\u00f0sto\u00f0 vi\u00f0 skr\u00e1ningar \u00a0\u00ed s\u00edma 533-5600\/587-8800<\/p>","protected":false},"excerpt":{"rendered":"<p>\u00cd\u00deR\u00d3TTASK\u00d3LI FRAM \u00cd\u00fer\u00f3ttask\u00f3li Fram fyrir 3 \u00a0\u2013 6 \u00e1ra b\u00f6rn \u00a0hefst \u00ed \u00cd\u00fer\u00f3ttah\u00fasi H\u00e1aleitissk\u00f3la \u00a0laugardaginn 14. jan\u00faar 2017. 3ja til 6 \u00e1ra b\u00f6rn eru fr\u00e1 kl.10:45 til 11:45\u00a0(f\u00e6dd \u00b411 \u2013 [&hellip;]<\/p>","protected":false},"author":4,"featured_media":14587,"comment_status":"open","ping_status":"open","sticky":false,"template":"","format":"standard","meta":{"_monsterinsights_skip_tracking":false,"_monsterinsights_sitenote_active":false,"_monsterinsights_sitenote_note":"","_monsterinsights_sitenote_category":0,"_jetpack_memberships_contains_paid_content":false,"footnotes":""},"categories":[10,16],"tags":[],"class_list":["post-14749","post","type-post","status-publish","format-standard","has-post-thumbnail","hentry","category-frettir","category-almenndeild"],"jetpack_sharing_enabled":true,"jetpack_featured_media_url":"https:\/\/fram.is\/wp-content\/uploads\/2016\/12\/Vefur-mynd-vor-2016.jpg","_links":{"self":[{"href":"https:\/\/fram.is\/is\/wp-json\/wp\/v2\/posts\/14749","targetHints":{"allow":["GET"]}}],"collection":[{"href":"https:\/\/fram.is\/is\/wp-json\/wp\/v2\/posts"}],"about":[{"href":"https:\/\/fram.is\/is\/wp-json\/wp\/v2\/types\/post"}],"author":[{"embeddable":true,"href":"https:\/\/fram.is\/is\/wp-json\/wp\/v2\/users\/4"}],"replies":[{"embeddable":true,"href":"https:\/\/fram.is\/is\/wp-json\/wp\/v2\/comments?post=14749"}],"version-history":[{"count":0,"href":"https:\/\/fram.is\/is\/wp-json\/wp\/v2\/posts\/14749\/revisions"}],"wp:featuredmedia":[{"embeddable":true,"href":"https:\/\/fram.is\/is\/wp-json\/wp\/v2\/media\/14587"}],"wp:attachment":[{"href":"https:\/\/fram.is\/is\/wp-json\/wp\/v2\/media?parent=14749"}],"wp:term":[{"taxonomy":"category","embeddable":true,"href":"https:\/\/fram.is\/is\/wp-json\/wp\/v2\/categories?post=14749"},{"taxonomy":"post_tag","embeddable":true,"href":"https:\/\/fram.is\/is\/wp-json\/wp\/v2\/tags?post=14749"}],"curies":[{"name":"wp","href":"https:\/\/api.w.org\/{rel}","templated":true}]}}