{"id":14791,"date":"2017-01-20T11:46:05","date_gmt":"2017-01-20T11:46:05","guid":{"rendered":"http:\/\/fram.is\/?p=14791"},"modified":"2017-01-20T11:46:05","modified_gmt":"2017-01-20T11:46:05","slug":"helgi-og-magnus-snaer-valdir-i-urtakshop-islands-u19","status":"publish","type":"post","link":"https:\/\/fram.is\/is\/2017\/01\/20\/helgi-og-magnus-snaer-valdir-i-urtakshop-islands-u19\/","title":{"rendered":"Helgi og Magn\u00fas Sn\u00e6r valdir \u00ed \u00fartaksh\u00f3p \u00cdslands U19"},"content":{"rendered":"<p><a href=\"http:\/\/fram.is\/is\/2015\/09\/tveir-fra-fram-i-urtakshopi-ksi-u17\/helgi-i-leik\/\"><img fetchpriority=\"high\" decoding=\"async\" class=\"alignright size-medium wp-image-11154\" src=\"http:\/\/fram.is\/wp-content\/uploads\/2015\/09\/helgi-i-leik-300x261.jpg\" alt=\"helgi i leik\" width=\"300\" height=\"261\" \/><\/a><a href=\"http:\/\/fram.is\/is\/2015\/09\/tveir-fra-fram-i-urtakshopi-ksi-u17\/maggi-2\/\"><img decoding=\"async\" class=\"alignright size-medium wp-image-11155\" src=\"http:\/\/fram.is\/wp-content\/uploads\/2015\/09\/Maggi-300x261.jpg\" alt=\"Maggi\" width=\"300\" height=\"261\" \/><\/a>Valinn hefur veri\u00f0 \u00fartaksh\u00f3pur \u00cdslands U19 karla \u00ed f\u00f3tbolta, drengir f\u00e6ddir \u00e1ri\u00f0 1999. H\u00f3purinn mun koma saman til \u00e6finga helgina 27-29 jan\u00faar undir stj\u00f3rn \u00deorvaldar \u00d6rlygssonar, landsli\u00f0s\u00fej\u00e1lfara \u00cdslands U19.<br \/>\nVi\u00f0 FRAMarar eru stoltir af \u00fev\u00ed a\u00f0 eiga tvo fulltr\u00faa \u00ed \u00feessum \u00fartaksh\u00f3pi en \u00feeir sem voru valdir fr\u00e1 FRAM a\u00f0 \u00feessu sinni eru:<\/p>\n<p>Helgi Gu\u00f0j\u00f3nsson\u00a0\u00a0\u00a0\u00a0\u00a0\u00a0\u00a0\u00a0\u00a0\u00a0\u00a0\u00a0\u00a0\u00a0\u00a0\u00a0\u00a0\u00a0\u00a0\u00a0\u00a0\u00a0\u00a0\u00a0 \u00a0\u00a0\u00a0\u00a0\u00a0\u00a0\u00a0\u00a0\u00a0\u00a0\u00a0\u00a0\u00a0\u00a0\u00a0 Fram<br \/>\nMagn\u00fas Sn\u00e6r Dagbjartsson\u00a0\u00a0\u00a0\u00a0\u00a0\u00a0\u00a0\u00a0 \u00a0\u00a0\u00a0\u00a0\u00a0\u00a0\u00a0\u00a0\u00a0\u00a0\u00a0\u00a0\u00a0 Fram<\/p>","protected":false},"excerpt":{"rendered":"<p>Valinn hefur veri\u00f0 \u00fartaksh\u00f3pur \u00cdslands U19 karla \u00ed f\u00f3tbolta, drengir f\u00e6ddir \u00e1ri\u00f0 1999. H\u00f3purinn mun koma saman til \u00e6finga helgina 27-29 jan\u00faar undir stj\u00f3rn \u00deorvaldar \u00d6rlygssonar, landsli\u00f0s\u00fej\u00e1lfara \u00cdslands U19. Vi\u00f0 [&hellip;]<\/p>","protected":false},"author":4,"featured_media":13394,"comment_status":"open","ping_status":"open","sticky":false,"template":"","format":"standard","meta":{"_monsterinsights_skip_tracking":false,"_monsterinsights_sitenote_active":false,"_monsterinsights_sitenote_note":"","_monsterinsights_sitenote_category":0,"_jetpack_memberships_contains_paid_content":false,"footnotes":""},"categories":[11,9,13],"tags":[],"class_list":["post-14791","post","type-post","status-publish","format-standard","has-post-thumbnail","hentry","category-mflkarla","category-fotbolti","category-yngriflokkar"],"jetpack_sharing_enabled":true,"jetpack_featured_media_url":"https:\/\/fram.is\/wp-content\/uploads\/2016\/06\/Helgi-vefur-scaled.jpg","_links":{"self":[{"href":"https:\/\/fram.is\/is\/wp-json\/wp\/v2\/posts\/14791","targetHints":{"allow":["GET"]}}],"collection":[{"href":"https:\/\/fram.is\/is\/wp-json\/wp\/v2\/posts"}],"about":[{"href":"https:\/\/fram.is\/is\/wp-json\/wp\/v2\/types\/post"}],"author":[{"embeddable":true,"href":"https:\/\/fram.is\/is\/wp-json\/wp\/v2\/users\/4"}],"replies":[{"embeddable":true,"href":"https:\/\/fram.is\/is\/wp-json\/wp\/v2\/comments?post=14791"}],"version-history":[{"count":0,"href":"https:\/\/fram.is\/is\/wp-json\/wp\/v2\/posts\/14791\/revisions"}],"wp:featuredmedia":[{"embeddable":true,"href":"https:\/\/fram.is\/is\/wp-json\/wp\/v2\/media\/13394"}],"wp:attachment":[{"href":"https:\/\/fram.is\/is\/wp-json\/wp\/v2\/media?parent=14791"}],"wp:term":[{"taxonomy":"category","embeddable":true,"href":"https:\/\/fram.is\/is\/wp-json\/wp\/v2\/categories?post=14791"},{"taxonomy":"post_tag","embeddable":true,"href":"https:\/\/fram.is\/is\/wp-json\/wp\/v2\/tags?post=14791"}],"curies":[{"name":"wp","href":"https:\/\/api.w.org\/{rel}","templated":true}]}}