{"id":14826,"date":"2017-01-30T09:42:40","date_gmt":"2017-01-30T09:42:40","guid":{"rendered":"http:\/\/fram.is\/?p=14826"},"modified":"2017-01-30T09:42:40","modified_gmt":"2017-01-30T09:42:40","slug":"hulda-dagsdottir-med-slitin-krossbond","status":"publish","type":"post","link":"https:\/\/fram.is\/is\/2017\/01\/30\/hulda-dagsdottir-med-slitin-krossbond\/","title":{"rendered":"Hulda Dagsd\u00f3ttir me\u00f0 slitin krossb\u00f6nd"},"content":{"rendered":"<p><a href=\"http:\/\/fram.is\/is\/?attachment_id=14827\"><img fetchpriority=\"high\" decoding=\"async\" class=\"alignright size-medium wp-image-14827\" src=\"http:\/\/fram.is\/wp-content\/uploads\/2017\/01\/Hulda-Dagsd\u00f3ttir-300x300.jpg\" alt=\"Hulda Dagsd\u00f3ttir\" width=\"300\" height=\"300\" \/><\/a>Hulda Dagsd\u00f3ttir leikma\u00f0ur mfl. kvenna \u00ed handbolta ver\u00f0ur fr\u00e1 keppni \u00fea\u00f0 sem eftir lifir \u00e1rsins.\u00a0 \u00deetta kom \u00ed lj\u00f3s \u00ed s\u00ed\u00f0ustu viku eftir myndat\u00f6kur og l\u00e6knisko\u00f0un. Huldasem \u00a0meiddist \u00e1 \u00e6fingu er me\u00f0 slitin krossb\u00f6nd og \u00fearf a\u00f0 fara \u00ed a\u00f0ger\u00f0. \u00dea\u00f0 er \u00fev\u00ed lj\u00f3st a\u00f0 Hulda spila mj\u00f6g l\u00edklega ekki meira me\u00f0 FRAM \u00e1 \u00feessu \u00e1ri \u00fev\u00ed reikna m\u00e1 me\u00f0 \u00fev\u00ed a\u00f0 endurh\u00e6fing taki 6-8 m\u00e1nu\u00f0i eftir svona erfi\u00f0 mei\u00f0sl.<br \/>\nN\u00fa tekur vi\u00f0 mikil vinna hj\u00e1 Huldu, \u00fea\u00f0 \u00fearf nefnilega \u00ferautseigju, aga og dugna\u00f0 til vinna sig \u00fat \u00far mei\u00f0slum sem \u00feessum en a\u00f0 hefur \u00a0s\u00fdnt sig a\u00f0 \u00feeir sem vinna vel \u00ed s\u00ednum m\u00e1lum geta au\u00f0veldlega komi\u00f0 til baka og eru \u00fe\u00e1 oft sterkari en \u00e1\u00f0ur.<br \/>\nVi\u00f0 FRAMarar sendum Huldu\u00a0 bar\u00e1ttu og bata kve\u00f0ju, vonumst til a\u00f0 sj\u00e1 \u00feig \u00e1 vellinum sem fyrst.<\/p>\n<p>\u00c1FRAM FRAM<\/p>","protected":false},"excerpt":{"rendered":"<p>Hulda Dagsd\u00f3ttir leikma\u00f0ur mfl. kvenna \u00ed handbolta ver\u00f0ur fr\u00e1 keppni \u00fea\u00f0 sem eftir lifir \u00e1rsins.\u00a0 \u00deetta kom \u00ed lj\u00f3s \u00ed s\u00ed\u00f0ustu viku eftir myndat\u00f6kur og l\u00e6knisko\u00f0un. Huldasem \u00a0meiddist \u00e1 \u00e6fingu [&hellip;]<\/p>","protected":false},"author":4,"featured_media":14828,"comment_status":"open","ping_status":"open","sticky":false,"template":"","format":"standard","meta":{"_monsterinsights_skip_tracking":false,"_monsterinsights_sitenote_active":false,"_monsterinsights_sitenote_note":"","_monsterinsights_sitenote_category":0,"_jetpack_memberships_contains_paid_content":false,"footnotes":""},"categories":[6,15],"tags":[],"class_list":["post-14826","post","type-post","status-publish","format-standard","has-post-thumbnail","hentry","category-handbolti","category-mfl-kvenna"],"jetpack_sharing_enabled":true,"jetpack_featured_media_url":"https:\/\/fram.is\/wp-content\/uploads\/2017\/01\/Hulda-gegn-Stj\u00f6rnunni-vefur.jpg","_links":{"self":[{"href":"https:\/\/fram.is\/is\/wp-json\/wp\/v2\/posts\/14826","targetHints":{"allow":["GET"]}}],"collection":[{"href":"https:\/\/fram.is\/is\/wp-json\/wp\/v2\/posts"}],"about":[{"href":"https:\/\/fram.is\/is\/wp-json\/wp\/v2\/types\/post"}],"author":[{"embeddable":true,"href":"https:\/\/fram.is\/is\/wp-json\/wp\/v2\/users\/4"}],"replies":[{"embeddable":true,"href":"https:\/\/fram.is\/is\/wp-json\/wp\/v2\/comments?post=14826"}],"version-history":[{"count":0,"href":"https:\/\/fram.is\/is\/wp-json\/wp\/v2\/posts\/14826\/revisions"}],"wp:featuredmedia":[{"embeddable":true,"href":"https:\/\/fram.is\/is\/wp-json\/wp\/v2\/media\/14828"}],"wp:attachment":[{"href":"https:\/\/fram.is\/is\/wp-json\/wp\/v2\/media?parent=14826"}],"wp:term":[{"taxonomy":"category","embeddable":true,"href":"https:\/\/fram.is\/is\/wp-json\/wp\/v2\/categories?post=14826"},{"taxonomy":"post_tag","embeddable":true,"href":"https:\/\/fram.is\/is\/wp-json\/wp\/v2\/tags?post=14826"}],"curies":[{"name":"wp","href":"https:\/\/api.w.org\/{rel}","templated":true}]}}