{"id":14867,"date":"2017-01-31T16:48:01","date_gmt":"2017-01-31T16:48:01","guid":{"rendered":"http:\/\/fram.is\/?p=14867"},"modified":"2017-01-31T16:48:01","modified_gmt":"2017-01-31T16:48:01","slug":"kristofer-reyes-framlengir-hja-fram","status":"publish","type":"post","link":"https:\/\/fram.is\/is\/2017\/01\/31\/kristofer-reyes-framlengir-hja-fram\/","title":{"rendered":"Krist\u00f3fer Reyes framlengir hj\u00e1 Fram"},"content":{"rendered":"<p><a href=\"http:\/\/fram.is\/is\/2017\/01\/godur-sigur-a-ir-a-reykjavikurmotinu\/reyes\/\"><img fetchpriority=\"high\" decoding=\"async\" class=\"alignright size-medium wp-image-14805\" src=\"http:\/\/fram.is\/wp-content\/uploads\/2017\/01\/Reyes-300x300.jpg\" alt=\"Reyes\" width=\"300\" height=\"300\" \/><\/a>Knattspyrnudeild Fram og Krist\u00f3fer Jacobsson Reyes hafa n\u00e1\u00f0 samkomulagi um a\u00f0 Krist\u00f3fer leiki me\u00f0 Fram n\u00e6stu 2 \u00e1rin a\u00f0 minnsta kosti.<\/p>\n<p>Krist\u00f3fer Reyes kom til Fram hausti\u00f0 2015 fr\u00e1 V\u00edkingi \u00d3lafsv\u00edk. Krist\u00f3fer, sem ver\u00f0ur tv\u00edtugur 24.ma\u00ed n\u00e6stkomandi, l\u00e9k 6 leiki fyrir Fram \u00ed Inkasso-deildinni \u00e1 s\u00ed\u00f0ustu leikt\u00ed\u00f0 og sanna\u00f0i a\u00f0 \u00fear fer framt\u00ed\u00f0ar varnarleikma\u00f0ur.<\/p>\n<p>\u00dea\u00f0 er stj\u00f3rn Fram miki\u00f0 \u00e1n\u00e6gjuefni a\u00f0 Krist\u00f3fer Reyes ver\u00f0i \u00e1fram \u00ed herb\u00fa\u00f0um f\u00e9lagsins og \u00fea\u00f0 er miklar vonir bundnar vi\u00f0 hann \u00ed framt\u00ed\u00f0inni.<\/p>\n<p>Knattspyrnudeild Fram<\/p>","protected":false},"excerpt":{"rendered":"<p>Knattspyrnudeild Fram og Krist\u00f3fer Jacobsson Reyes hafa n\u00e1\u00f0 samkomulagi um a\u00f0 Krist\u00f3fer leiki me\u00f0 Fram n\u00e6stu 2 \u00e1rin a\u00f0 minnsta kosti. Krist\u00f3fer Reyes kom til Fram hausti\u00f0 2015 fr\u00e1 V\u00edkingi [&hellip;]<\/p>","protected":false},"author":4,"featured_media":14868,"comment_status":"open","ping_status":"open","sticky":false,"template":"","format":"standard","meta":{"_monsterinsights_skip_tracking":false,"_monsterinsights_sitenote_active":false,"_monsterinsights_sitenote_note":"","_monsterinsights_sitenote_category":0,"_jetpack_memberships_contains_paid_content":false,"footnotes":""},"categories":[11,9],"tags":[],"class_list":["post-14867","post","type-post","status-publish","format-standard","has-post-thumbnail","hentry","category-mflkarla","category-fotbolti"],"jetpack_sharing_enabled":true,"jetpack_featured_media_url":"https:\/\/fram.is\/wp-content\/uploads\/2017\/01\/Reyes-vefur-scaled.jpg","_links":{"self":[{"href":"https:\/\/fram.is\/is\/wp-json\/wp\/v2\/posts\/14867","targetHints":{"allow":["GET"]}}],"collection":[{"href":"https:\/\/fram.is\/is\/wp-json\/wp\/v2\/posts"}],"about":[{"href":"https:\/\/fram.is\/is\/wp-json\/wp\/v2\/types\/post"}],"author":[{"embeddable":true,"href":"https:\/\/fram.is\/is\/wp-json\/wp\/v2\/users\/4"}],"replies":[{"embeddable":true,"href":"https:\/\/fram.is\/is\/wp-json\/wp\/v2\/comments?post=14867"}],"version-history":[{"count":0,"href":"https:\/\/fram.is\/is\/wp-json\/wp\/v2\/posts\/14867\/revisions"}],"wp:featuredmedia":[{"embeddable":true,"href":"https:\/\/fram.is\/is\/wp-json\/wp\/v2\/media\/14868"}],"wp:attachment":[{"href":"https:\/\/fram.is\/is\/wp-json\/wp\/v2\/media?parent=14867"}],"wp:term":[{"taxonomy":"category","embeddable":true,"href":"https:\/\/fram.is\/is\/wp-json\/wp\/v2\/categories?post=14867"},{"taxonomy":"post_tag","embeddable":true,"href":"https:\/\/fram.is\/is\/wp-json\/wp\/v2\/tags?post=14867"}],"curies":[{"name":"wp","href":"https:\/\/api.w.org\/{rel}","templated":true}]}}