{"id":14919,"date":"2017-02-10T14:52:53","date_gmt":"2017-02-10T14:52:53","guid":{"rendered":"http:\/\/fram.is\/?p=14919"},"modified":"2017-02-10T14:52:53","modified_gmt":"2017-02-10T14:52:53","slug":"hogni-madsen-gengur-til-lids-vid-fram","status":"publish","type":"post","link":"https:\/\/fram.is\/is\/2017\/02\/10\/hogni-madsen-gengur-til-lids-vid-fram\/","title":{"rendered":"H\u00f6gni Madsen gengur til li\u00f0s vi\u00f0 FRAM"},"content":{"rendered":"<p><a href=\"http:\/\/fram.is\/is\/?attachment_id=14928\"><img fetchpriority=\"high\" decoding=\"async\" class=\"alignright size-medium wp-image-14928\" src=\"http:\/\/fram.is\/wp-content\/uploads\/2017\/02\/H\u00f6gni-M-300x261.jpg\" alt=\"H\u00f6gni M\" width=\"300\" height=\"261\" \/><\/a>Knattspyrnudeild Fram og H\u00f6gni Madsen hafa n\u00e1\u00f0 samkomulagi um a\u00f0 H\u00f6gni leiki me\u00f0 Fram \u00e1 n\u00e6stu leikt\u00ed\u00f0.\u00a0 H\u00f6gni Madsen, sem er 32 \u00e1ra, er fr\u00e1 F\u00e6reyjum og l\u00e9k s\u00ed\u00f0ast me\u00f0 B36 fr\u00e1 \u00de\u00f3rsh\u00f6fn.\u00a0 Hann \u00e1 3 \u00a0A-landsleiki fyrir F\u00e6reyjar og hefur allan sinn feril leiki\u00f0 \u00ed heimalandinu. H\u00f6gni er mi\u00f0juma\u00f0ur og hefur veri\u00f0 vi\u00f0 \u00e6fingar hj\u00e1 Fram s\u00ed\u00f0astli\u00f0inn m\u00e1nu\u00f0.<\/p>\n<p>\u00dea\u00f0 er knattspyrnudeild Fram mikil \u00e1n\u00e6gja a\u00f0 f\u00e1 \u00feennan ge\u00f0\u00feekka f\u00e6reying til f\u00e9lagsins fyrir komandi \u00e1t\u00f6k.<\/p>\n<p>Knattspyrnudeild Fram<\/p>","protected":false},"excerpt":{"rendered":"<p>Knattspyrnudeild Fram og H\u00f6gni Madsen hafa n\u00e1\u00f0 samkomulagi um a\u00f0 H\u00f6gni leiki me\u00f0 Fram \u00e1 n\u00e6stu leikt\u00ed\u00f0.\u00a0 H\u00f6gni Madsen, sem er 32 \u00e1ra, er fr\u00e1 F\u00e6reyjum og l\u00e9k s\u00ed\u00f0ast me\u00f0 [&hellip;]<\/p>","protected":false},"author":4,"featured_media":14929,"comment_status":"open","ping_status":"open","sticky":false,"template":"","format":"standard","meta":{"_monsterinsights_skip_tracking":false,"_monsterinsights_sitenote_active":false,"_monsterinsights_sitenote_note":"","_monsterinsights_sitenote_category":0,"_jetpack_memberships_contains_paid_content":false,"footnotes":""},"categories":[11,9],"tags":[],"class_list":["post-14919","post","type-post","status-publish","format-standard","has-post-thumbnail","hentry","category-mflkarla","category-fotbolti"],"jetpack_sharing_enabled":true,"jetpack_featured_media_url":"https:\/\/fram.is\/wp-content\/uploads\/2017\/02\/H\u00f6gni-vefur.jpg","_links":{"self":[{"href":"https:\/\/fram.is\/is\/wp-json\/wp\/v2\/posts\/14919","targetHints":{"allow":["GET"]}}],"collection":[{"href":"https:\/\/fram.is\/is\/wp-json\/wp\/v2\/posts"}],"about":[{"href":"https:\/\/fram.is\/is\/wp-json\/wp\/v2\/types\/post"}],"author":[{"embeddable":true,"href":"https:\/\/fram.is\/is\/wp-json\/wp\/v2\/users\/4"}],"replies":[{"embeddable":true,"href":"https:\/\/fram.is\/is\/wp-json\/wp\/v2\/comments?post=14919"}],"version-history":[{"count":0,"href":"https:\/\/fram.is\/is\/wp-json\/wp\/v2\/posts\/14919\/revisions"}],"wp:featuredmedia":[{"embeddable":true,"href":"https:\/\/fram.is\/is\/wp-json\/wp\/v2\/media\/14929"}],"wp:attachment":[{"href":"https:\/\/fram.is\/is\/wp-json\/wp\/v2\/media?parent=14919"}],"wp:term":[{"taxonomy":"category","embeddable":true,"href":"https:\/\/fram.is\/is\/wp-json\/wp\/v2\/categories?post=14919"},{"taxonomy":"post_tag","embeddable":true,"href":"https:\/\/fram.is\/is\/wp-json\/wp\/v2\/tags?post=14919"}],"curies":[{"name":"wp","href":"https:\/\/api.w.org\/{rel}","templated":true}]}}