{"id":14951,"date":"2017-02-15T14:27:55","date_gmt":"2017-02-15T14:27:55","guid":{"rendered":"http:\/\/fram.is\/?p=14951"},"modified":"2017-02-15T14:27:55","modified_gmt":"2017-02-15T14:27:55","slug":"simon-smidt-i-fram","status":"publish","type":"post","link":"https:\/\/fram.is\/is\/2017\/02\/15\/simon-smidt-i-fram\/","title":{"rendered":"Simon Smidt \u00ed Fram"},"content":{"rendered":"<p>&nbsp;<\/p>\n<p><a href=\"http:\/\/fram.is\/is\/?attachment_id=14953\"><img fetchpriority=\"high\" decoding=\"async\" class=\"alignright size-medium wp-image-14953\" src=\"http:\/\/fram.is\/wp-content\/uploads\/2017\/02\/Simon-Smith-300x261.jpg\" alt=\"Simon Smith\" width=\"300\" height=\"261\" \/><\/a>Knattspyrnudeild Fram og Simon Kollerup Smidt hafa n\u00e1\u00f0 samkomulagi um a\u00f0 hann leiki me\u00f0 Fram \u00fat yfirstandandi leikt\u00ed\u00f0.<br \/>\nSimon Smidt er 26 \u00e1ra gamall og l\u00e9k me\u00f0 \u00cdBV \u00e1 s\u00ed\u00f0ustu leikt\u00ed\u00f0 \u00ed Peps\u00eddeildinni. \u00dear l\u00e9k hann 19 leiki \u00ed Peps\u00eddeildinni auk leikja \u00ed Lengjubikarnum og Borgnunarbikarnum.<br \/>\nSimon er h\u00e6fileikar\u00edkur leikma\u00f0ur, hann skora\u00f0i eitt mark \u00ed \u00e6fingaleik \u00ed g\u00e6r sem var 5-0 sigur Fram \u00e1 Leikni Reykjav\u00edk.<br \/>\n\u00dea\u00f0 er stj\u00f3rn knattspyrnudeildar Fram mikil \u00e1n\u00e6gja a\u00f0 f\u00e1 \u00feennan ge\u00f0\u00feekka danska leikmann \u00ed ra\u00f0ir f\u00e9lagsins.<\/p>\n<p>Knattspyrnudeild Fram<\/p>","protected":false},"excerpt":{"rendered":"<p>&nbsp; Knattspyrnudeild Fram og Simon Kollerup Smidt hafa n\u00e1\u00f0 samkomulagi um a\u00f0 hann leiki me\u00f0 Fram \u00fat yfirstandandi leikt\u00ed\u00f0. Simon Smidt er 26 \u00e1ra gamall og l\u00e9k me\u00f0 \u00cdBV \u00e1 [&hellip;]<\/p>","protected":false},"author":4,"featured_media":14952,"comment_status":"open","ping_status":"open","sticky":false,"template":"","format":"standard","meta":{"_monsterinsights_skip_tracking":false,"_monsterinsights_sitenote_active":false,"_monsterinsights_sitenote_note":"","_monsterinsights_sitenote_category":0,"_jetpack_memberships_contains_paid_content":false,"footnotes":""},"categories":[11,9],"tags":[],"class_list":["post-14951","post","type-post","status-publish","format-standard","has-post-thumbnail","hentry","category-mflkarla","category-fotbolti"],"jetpack_sharing_enabled":true,"jetpack_featured_media_url":"https:\/\/fram.is\/wp-content\/uploads\/2017\/02\/Simon-vefur-scaled.jpg","_links":{"self":[{"href":"https:\/\/fram.is\/is\/wp-json\/wp\/v2\/posts\/14951","targetHints":{"allow":["GET"]}}],"collection":[{"href":"https:\/\/fram.is\/is\/wp-json\/wp\/v2\/posts"}],"about":[{"href":"https:\/\/fram.is\/is\/wp-json\/wp\/v2\/types\/post"}],"author":[{"embeddable":true,"href":"https:\/\/fram.is\/is\/wp-json\/wp\/v2\/users\/4"}],"replies":[{"embeddable":true,"href":"https:\/\/fram.is\/is\/wp-json\/wp\/v2\/comments?post=14951"}],"version-history":[{"count":0,"href":"https:\/\/fram.is\/is\/wp-json\/wp\/v2\/posts\/14951\/revisions"}],"wp:featuredmedia":[{"embeddable":true,"href":"https:\/\/fram.is\/is\/wp-json\/wp\/v2\/media\/14952"}],"wp:attachment":[{"href":"https:\/\/fram.is\/is\/wp-json\/wp\/v2\/media?parent=14951"}],"wp:term":[{"taxonomy":"category","embeddable":true,"href":"https:\/\/fram.is\/is\/wp-json\/wp\/v2\/categories?post=14951"},{"taxonomy":"post_tag","embeddable":true,"href":"https:\/\/fram.is\/is\/wp-json\/wp\/v2\/tags?post=14951"}],"curies":[{"name":"wp","href":"https:\/\/api.w.org\/{rel}","templated":true}]}}