{"id":14966,"date":"2017-02-18T22:05:45","date_gmt":"2017-02-18T22:05:45","guid":{"rendered":"http:\/\/fram.is\/?p=14966"},"modified":"2017-02-18T22:05:45","modified_gmt":"2017-02-18T22:05:45","slug":"gratbroslegt-tap-i-fyrsta-leik-lengjubikarsins","status":"publish","type":"post","link":"https:\/\/fram.is\/is\/2017\/02\/18\/gratbroslegt-tap-i-fyrsta-leik-lengjubikarsins\/","title":{"rendered":"Gr\u00e1tbroslegt tap \u00ed fyrsta leik Lengjubikarsins"},"content":{"rendered":"<p><a href=\"http:\/\/fram.is\/is\/?attachment_id=14967\"><img fetchpriority=\"high\" decoding=\"async\" class=\"alignright size-medium wp-image-14967\" src=\"http:\/\/fram.is\/wp-content\/uploads\/2017\/02\/FRAM-\u00der\u00f3ttur-I-300x261.jpg\" alt=\"FRAM - \u00der\u00f3ttur I\" width=\"300\" height=\"261\" \/><\/a>Framarar m\u00e1ttu s\u00e6tta sig vi\u00f0 gr\u00e1tbroslegt tap gegn \u00der\u00f3tti fr\u00e1 Reykjav\u00edk \u00ed fyrsta leik Lengjubikarkeppninnar \u00ed \u00e1r; lokat\u00f6lur ur\u00f0u 2-3 eftir a\u00f0 sta\u00f0an \u00ed h\u00e1lfleik haf\u00f0i veri\u00f0 1-2. Framarar l\u00e9ku manni fleiri \u00ed 55 m\u00edn\u00fatur, en gekk b\u00f6lvanlega a\u00f0 f\u00e6ra s\u00e9r li\u00f0smuninn \u00ed nyt.<br \/>\nLi\u00f0suppstillingin \u00ed dag lofa\u00f0i g\u00f3\u00f0u og fyllti fj\u00f6lmarga stu\u00f0ningsmenn Fram bjarts\u00fdni; Atli st\u00f3\u00f0 \u00ed markinu og Krist\u00f3fer, Gavric, Brynjar, Benedikt Okt\u00f3, Sigurp\u00e1ll, Indri\u00f0i, Alex Freyr, Helgi Gu\u00f0j\u00f3ns, Simon Smidt og Bubalo skipu\u00f0u a\u00f0rar st\u00f6\u00f0ur \u00ed byrjunarli\u00f0inu. Leikurinn f\u00f3r hins vegar ekkert s\u00e9rlega vel af sta\u00f0, sofandah\u00e1ttur \u00ed v\u00f6rninni, \u00fear sem menn virtust telja \u00der\u00f3ttara hafa broti\u00f0 af s\u00e9r, kosta\u00f0i mark sem Brynjar J\u00f3nasson skora\u00f0i eftir a\u00f0eins fimm m\u00edn\u00fatna leik. \u00cd kj\u00f6lfar marksins kom kafli hinna miklu \u00fereifinga, hvorugt li\u00f0anna n\u00e1\u00f0i almennilegum t\u00f6kum \u00e1 s\u00ednum leik, en Framarar voru \u00fe\u00f3 \u00f6llu l\u00edklegri og Sigurp\u00e1ll \u00e1tti m.a. \u00e1g\u00e6tt skot sem Sindri, markv\u00f6r\u00f0ur \u00der\u00f3ttara, sl\u00f3 \u00ed \u00feversl\u00e1na og aftur fyrir endam\u00f6rk. Heldur dr\u00f3 \u00fe\u00f3 til t\u00ed\u00f0inda \u00feegar um t\u00edu m\u00edn\u00fatur lif\u00f0u fyrri h\u00e1lfleik; \u00der\u00f3ttarinn Finnur \u00d3lafsson gekk \u00fe\u00e1 full vasklega fram \u00ed bar\u00e1ttunni gegn Alex Frey og var r\u00e9ttilega ver\u00f0launa\u00f0ur me\u00f0 rau\u00f0u spjaldi. Lokam\u00edn\u00fatur fyrri h\u00e1lfleiks voru t\u00ed\u00f0indum hla\u00f0nar; \u00e1 42.m\u00edn\u00fatu n\u00e1\u00f0u \u00der\u00f3ttarar tveggja marka forystu \u00feegar Vilhj\u00e1lmur P\u00e1lmason skora\u00f0i og \u00fatlit fyrir heldur dapra stemmningu \u00ed klefanum \u00ed h\u00e1lfleik. \u00c1 annarri m\u00edn\u00fatu uppb\u00f3tart\u00edma fyrri h\u00e1lfleiksins birti \u00fe\u00f3 l\u00edtillega til, en \u00fe\u00e1 var v\u00edtaspyrna d\u00e6md \u00e1 \u00der\u00f3ttara fyrir brot \u00e1 Ivan Bubalo. Alex Freyr s\u00fdndi stillingu og st\u00e1ltaugar \u00feegar hann skora\u00f0i af \u00f6ryggi af ellefu metrunum, e\u00f0a \u201eelf meter\u201c a la Olli. Sta\u00f0an \u00ed h\u00e1lfleik 1-2.<\/p>\n<p>Framarar hafa l\u00edklega margir gert s\u00e9r vonir um bjartari t\u00ed\u00f0 me\u00f0 bl\u00f3m \u00ed haga strax \u00ed upphafi seinni h\u00e1lfleiks, manni fleiri og sveiflan \u00e1 bandi bl\u00e1rra, en \u00ed sannleika sagt var erfitt a\u00f0 greina hvort li\u00f0anna haf\u00f0i li\u00f0smun upp \u00e1 a\u00f0 hlaupa. \u00der\u00f3ttarar voru aga\u00f0ir og vel skipulag\u00f0ir, g\u00e1fu \u00e1 s\u00e9r f\u00e1 f\u00e6ri og \u00e1ttu nokkra \u00e1g\u00e6ta spretti \u00fear sem \u00feeim t\u00f3kst a\u00f0 velgja varnarm\u00f6nnum Fram verulega undir uggum. J\u00f6fnunarmarki\u00f0 l\u00e9t b\u00ed\u00f0a eftir s\u00e9r, en \u00fea\u00f0 kom a\u00f0 lokum. \u00c1 72.m\u00edn\u00fatu skora\u00f0i Simon Smidt laglegt mark, \u00f6rvf\u00e6ttur ma\u00f0urinn smellhitti boltann me\u00f0 h\u00e6gri eftir \u00feunga s\u00f3kn og talsvert at \u00e1 v\u00edtateig \u00der\u00f3ttara \u00fear sem boltinn m.a. small \u00ed \u00feversl\u00e1nni og allar bjargir virtust banna\u00f0ar. \u00deetta mark j\u00f3k enn \u00e1 bjarts\u00fdnina, a\u00f0 li\u00f0smunurinn myndi n\u00fdtast \u00e1 lokasprettinum, en \u00fea\u00f0 var \u00f6\u00f0ru n\u00e6r. \u00deremur m\u00edn\u00fatum eftir j\u00f6fnunarmark Framara skoru\u00f0u \u00der\u00f3ttarar \u00f3tr\u00falegt mark sem flestir a\u00f0rir en gallhar\u00f0ir K\u00f6ttarar hlj\u00f3ta a\u00f0 vi\u00f0urkenna a\u00f0 hafi veri\u00f0 vafasamt \u00ed meira lagi. S\u00f3tt var a\u00f0 Reyes inni \u00e1 v\u00edtateig, a\u00f0 flestra mati me\u00f0 \u00f3l\u00f6glegum h\u00e6tti, boltinn r\u00falla\u00f0i \u00e1 Sveinbj\u00f6rn J\u00f3nasson fyrir galopnu marki og hann, \u00ed fur\u00f0u og vantr\u00fa, skora\u00f0i og trygg\u00f0i \u00der\u00f3tturum sigur. Helgi Mikael J\u00f3nasson, d\u00f3mari leiksins, var \u00e1g\u00e6tlega sta\u00f0settur \u00feegar meint brot \u00e1tti s\u00e9r sta\u00f0, en \u00e1kva\u00f0 illu heilli a\u00f0 hv\u00edla flautuna.<\/p>\n<p>Ni\u00f0ursta\u00f0an er sigur \u00der\u00f3ttar, 3-2, \u00ed leik sem Fram \u00e1tti svo sem ekki skili\u00f0 a\u00f0 tapa. Leikurinn var \u00ed \u00e1g\u00e6tu jafnv\u00e6gi, tv\u00f6 marka \u00der\u00f3ttara voru \u00ed \u00f3d\u00fdrari kantinum, en vissulega m\u00e1 svekkja sig \u00e1 \u00fev\u00ed a\u00f0 hafa ekki n\u00fdtt betur li\u00f0mun sem Fram naut r\u00famlega heilan h\u00e1lfleik.<\/p>\n<p>Upp me\u00f0 sokkana og \u00e1fram veginn. N\u00e6sti leikur Fram er gegn \u00ed Lengjubikarnum er gegn Leikni fr\u00e1 F\u00e1skr\u00fa\u00f0sfir\u00f0i, en hann fer fram \u00ed Fjar\u00f0abygg\u00f0arh\u00f6llinni \u00feann 26.febr\u00faar.<\/p>\n<p>Berjast Framarar!<\/p>","protected":false},"excerpt":{"rendered":"<p>Framarar m\u00e1ttu s\u00e6tta sig vi\u00f0 gr\u00e1tbroslegt tap gegn \u00der\u00f3tti fr\u00e1 Reykjav\u00edk \u00ed fyrsta leik Lengjubikarkeppninnar \u00ed \u00e1r; lokat\u00f6lur ur\u00f0u 2-3 eftir a\u00f0 sta\u00f0an \u00ed h\u00e1lfleik haf\u00f0i veri\u00f0 1-2. Framarar l\u00e9ku [&hellip;]<\/p>","protected":false},"author":4,"featured_media":14968,"comment_status":"open","ping_status":"open","sticky":false,"template":"","format":"standard","meta":{"_monsterinsights_skip_tracking":false,"_monsterinsights_sitenote_active":false,"_monsterinsights_sitenote_note":"","_monsterinsights_sitenote_category":0,"_jetpack_memberships_contains_paid_content":false,"footnotes":""},"categories":[11,9],"tags":[],"class_list":["post-14966","post","type-post","status-publish","format-standard","has-post-thumbnail","hentry","category-mflkarla","category-fotbolti"],"jetpack_sharing_enabled":true,"jetpack_featured_media_url":"https:\/\/fram.is\/wp-content\/uploads\/2017\/02\/FRAM-\u00der\u00f3ttur-vefur-scaled.jpg","_links":{"self":[{"href":"https:\/\/fram.is\/is\/wp-json\/wp\/v2\/posts\/14966","targetHints":{"allow":["GET"]}}],"collection":[{"href":"https:\/\/fram.is\/is\/wp-json\/wp\/v2\/posts"}],"about":[{"href":"https:\/\/fram.is\/is\/wp-json\/wp\/v2\/types\/post"}],"author":[{"embeddable":true,"href":"https:\/\/fram.is\/is\/wp-json\/wp\/v2\/users\/4"}],"replies":[{"embeddable":true,"href":"https:\/\/fram.is\/is\/wp-json\/wp\/v2\/comments?post=14966"}],"version-history":[{"count":0,"href":"https:\/\/fram.is\/is\/wp-json\/wp\/v2\/posts\/14966\/revisions"}],"wp:featuredmedia":[{"embeddable":true,"href":"https:\/\/fram.is\/is\/wp-json\/wp\/v2\/media\/14968"}],"wp:attachment":[{"href":"https:\/\/fram.is\/is\/wp-json\/wp\/v2\/media?parent=14966"}],"wp:term":[{"taxonomy":"category","embeddable":true,"href":"https:\/\/fram.is\/is\/wp-json\/wp\/v2\/categories?post=14966"},{"taxonomy":"post_tag","embeddable":true,"href":"https:\/\/fram.is\/is\/wp-json\/wp\/v2\/tags?post=14966"}],"curies":[{"name":"wp","href":"https:\/\/api.w.org\/{rel}","templated":true}]}}