{"id":15004,"date":"2017-02-23T13:35:40","date_gmt":"2017-02-23T13:35:40","guid":{"rendered":"http:\/\/fram.is\/?p=15004"},"modified":"2017-02-23T13:35:40","modified_gmt":"2017-02-23T13:35:40","slug":"fram-a-thrja-flokka-i-bikarurslitum-yngri-flokkar-a-sunnudag","status":"publish","type":"post","link":"https:\/\/fram.is\/is\/2017\/02\/23\/fram-a-thrja-flokka-i-bikarurslitum-yngri-flokkar-a-sunnudag\/","title":{"rendered":"FRAM \u00e1 \u00ferj\u00e1 flokka \u00ed bikar\u00farslitum yngri flokkar \u00e1 sunnudag,"},"content":{"rendered":"<p><a href=\"http:\/\/fram.is\/is\/?attachment_id=15008\"><img decoding=\"async\" class=\"alignright size-medium wp-image-15008\" src=\"http:\/\/fram.is\/wp-content\/uploads\/2017\/02\/FRAM-HK-3.fl_-300x150.jpg\" alt=\"FRAM - HK 3.fl\" width=\"300\" height=\"150\" \/><\/a><a href=\"http:\/\/fram.is\/is\/?attachment_id=15009\"><img decoding=\"async\" class=\"alignright size-medium wp-image-15009\" src=\"http:\/\/fram.is\/wp-content\/uploads\/2017\/02\/FRAM-Valur-2017-Coke1-190913-300x150.jpg\" alt=\"FRAM - Valur 2017- Coke1 - 190913\" width=\"300\" height=\"150\" \/><\/a><a href=\"http:\/\/fram.is\/is\/?attachment_id=15007\"><img decoding=\"async\" class=\"alignright size-medium wp-image-15007\" src=\"http:\/\/fram.is\/wp-content\/uploads\/2017\/02\/FRAM-Fylkir-2017-Coke1-190913-300x150.jpg\" alt=\"FRAM - Fylkir 2017 - Coke1 - 190913\" width=\"300\" height=\"150\" \/><\/a>Bikar\u00farslit\u00a0 Coka Cola bikarinn 2017<br \/>\nYngri flokkar FRAM<br \/>\nLaugardalsh\u00f6ll sunnudag 26. febr\u00faar<\/p>\n<p>\u00dea\u00f0 ver\u00f0ur sannk\u00f6llu\u00f0 h\u00e1ti\u00f0 hj\u00e1 okkur \u00ed FRAM \u00e1 sunnudag, \u00fev\u00ed \u00fe\u00e1 leikum vi\u00f0 \u00ferj\u00e1 \u00farslitaleiki \u00ed bikarkeppni HS\u00cd, \u00a0Coka Cola bikarnum. \u00a0Leikirnir fara fram \u00ed Laugardalsh\u00f6ll en \u00fear ver\u00f0ur umgj\u00f6r\u00f0in gl\u00e6sileg og engu til spara\u00f0.<\/p>\n<p>\u00dea\u00f0 er alltaf draumur hvers leikmanns a\u00f0 komast \u00ed h\u00f6llina og leika bikar\u00farslitaleik og \u00feessir leikir eru \u00feeir leikir sem allir yngri leikmenn vilja prufa a\u00f0 leika \u00e1\u00f0ur en \u00feeir fara \u00e1 st\u00f3rasvi\u00f0i\u00f0 me\u00f0 meistaraflokkunum.<\/p>\n<p>Vi\u00f0 FRAMarar eigum eins og \u00e1\u00f0ur sag\u00f0i 3 leiki \u00ed H\u00f6llinni <u>sunnudaginn 26. febr\u00faar. <\/u>\u00a0Leiki\u00f0 ver\u00f0ur sem h\u00e9r segir:<\/p>\n<p><strong>Kl. 14:00 \u00a0\u00a0\u00a0\u00a0\u00a0\u00a0\u00a0 \u00darslitaleikur \u00ed 3. fl.kvenna\u00a0 FRAM \u2013 <\/strong><strong>HK<\/strong><strong>\u00a0 \u00ed Laugardalsh\u00f6ll<\/strong><\/p>\n<p><strong>Kl. 16:00<\/strong>\u00a0\u00a0\u00a0\u00a0\u00a0\u00a0\u00a0\u00a0 <strong>\u00darslitaleikur \u00ed 2. fl.karla\u00a0 FRAM \u2013 <\/strong><strong>Valur <\/strong><strong>\u00a0\u00ed Laugardalsh\u00f6ll <\/strong><\/p>\n<p><strong>Kl. 18:00 \u00a0\u00a0\u00a0\u00a0\u00a0\u00a0\u00a0 \u00darslitaleikur \u00ed 4. fl.kvenna\u00a0 Eldri.\u00a0 FRAM \u2013 <\/strong><strong>Fylkir<\/strong><strong>\u00a0 \u00ed Laugardalsh\u00f6ll <\/strong><\/p>\n<p><strong>Hvetjum alla FRAMarar til a\u00f0 m\u00e6ta \u00ed H\u00f6llina \u00e1 sunnudag og hvetja krakkana okkar og sty\u00f0ja vi\u00f0 baki\u00f0 \u00feessum\u00a0gl\u00e6silegu fulltr\u00faum sem vi\u00f0 eigum \u00ed \u00a0\u00farslitaleikjum Coka Cola bikarsins.<br \/>\n\u00dea\u00f0 ver\u00f0ur <\/strong><strong>flott umgj\u00f6r\u00f0 \u00ed H\u00f6llinni, leggjumst \u00f6ll \u00a0\u00e1 eitt \u00feannig a\u00f0 dagurinn ver\u00f0i sem gl\u00e6silegastur fyrir okkur FRAMara.<\/strong><\/p>\n<p><strong>\u00deeir sem ekki komast \u00ed H\u00f6llina er bent \u00e1 R\u00daV og R\u00daV2 \u00a0en \u00feeir munu s\u00fdna beint fr\u00e1 \u00f6llum leikjunum \u00ed H\u00f6llinni \u00feennan dag.<\/strong><\/p>\n<p><strong>\u00deETTA VER\u00d0A ALLIR A\u00d0 SJ\u00c1 !<\/strong><\/p>\n<h4>M\u00c6TUM OG HVETJUM\u00a0 UNGA F\u00d3LKI\u00d0 OKKAR\u00a0 \u201eTIL SIGURS\u201c ! \u00a0\u00a0<strong>\u00c1FRAM FRAM\u00a0\u00a0\u00a0\u00a0 <\/strong><\/h4>\n<p><strong>Unglingar\u00e1\u00f0 Handknattleiksdeildar FRAM<\/strong><\/p>\n<p><strong>\u00a0<\/strong><\/p>","protected":false},"excerpt":{"rendered":"<p>Bikar\u00farslit\u00a0 Coka Cola bikarinn 2017 Yngri flokkar FRAM Laugardalsh\u00f6ll sunnudag 26. febr\u00faar \u00dea\u00f0 ver\u00f0ur sannk\u00f6llu\u00f0 h\u00e1ti\u00f0 hj\u00e1 okkur \u00ed FRAM \u00e1 sunnudag, \u00fev\u00ed \u00fe\u00e1 leikum vi\u00f0 \u00ferj\u00e1 \u00farslitaleiki \u00ed bikarkeppni [&hellip;]<\/p>","protected":false},"author":4,"featured_media":14986,"comment_status":"open","ping_status":"open","sticky":false,"template":"","format":"standard","meta":{"_monsterinsights_skip_tracking":false,"_monsterinsights_sitenote_active":false,"_monsterinsights_sitenote_note":"","_monsterinsights_sitenote_category":0,"_jetpack_memberships_contains_paid_content":false,"footnotes":""},"categories":[7,6,15,19],"tags":[],"class_list":["post-15004","post","type-post","status-publish","format-standard","has-post-thumbnail","hentry","category-yngri-flokkar","category-handbolti","category-mfl-kvenna","category-mfl-karla"],"jetpack_sharing_enabled":true,"jetpack_featured_media_url":"https:\/\/fram.is\/wp-content\/uploads\/2017\/02\/Bikar-HAUKAR-FRAM.jpg","_links":{"self":[{"href":"https:\/\/fram.is\/is\/wp-json\/wp\/v2\/posts\/15004","targetHints":{"allow":["GET"]}}],"collection":[{"href":"https:\/\/fram.is\/is\/wp-json\/wp\/v2\/posts"}],"about":[{"href":"https:\/\/fram.is\/is\/wp-json\/wp\/v2\/types\/post"}],"author":[{"embeddable":true,"href":"https:\/\/fram.is\/is\/wp-json\/wp\/v2\/users\/4"}],"replies":[{"embeddable":true,"href":"https:\/\/fram.is\/is\/wp-json\/wp\/v2\/comments?post=15004"}],"version-history":[{"count":0,"href":"https:\/\/fram.is\/is\/wp-json\/wp\/v2\/posts\/15004\/revisions"}],"wp:featuredmedia":[{"embeddable":true,"href":"https:\/\/fram.is\/is\/wp-json\/wp\/v2\/media\/14986"}],"wp:attachment":[{"href":"https:\/\/fram.is\/is\/wp-json\/wp\/v2\/media?parent=15004"}],"wp:term":[{"taxonomy":"category","embeddable":true,"href":"https:\/\/fram.is\/is\/wp-json\/wp\/v2\/categories?post=15004"},{"taxonomy":"post_tag","embeddable":true,"href":"https:\/\/fram.is\/is\/wp-json\/wp\/v2\/tags?post=15004"}],"curies":[{"name":"wp","href":"https:\/\/api.w.org\/{rel}","templated":true}]}}