{"id":15027,"date":"2017-02-24T15:07:59","date_gmt":"2017-02-24T15:07:59","guid":{"rendered":"http:\/\/fram.is\/?p=15027"},"modified":"2017-02-24T15:07:59","modified_gmt":"2017-02-24T15:07:59","slug":"vel-maett-i-supuna-i-dag-thratt-fyrir-vont-vedur","status":"publish","type":"post","link":"https:\/\/fram.is\/is\/2017\/02\/24\/vel-maett-i-supuna-i-dag-thratt-fyrir-vont-vedur\/","title":{"rendered":"Vel m\u00e6tt \u00ed s\u00fapuna \u00ed dag \u00fer\u00e1tt fyrir vont ve\u00f0ur"},"content":{"rendered":"<p><a href=\"http:\/\/fram.is\/is\/?attachment_id=15028\"><img fetchpriority=\"high\" decoding=\"async\" class=\"alignright size-medium wp-image-15028\" src=\"http:\/\/fram.is\/wp-content\/uploads\/2017\/02\/S\u00fapa-300x261.jpg\" alt=\"S\u00fapa\" width=\"300\" height=\"261\" \/><\/a>Vi\u00f0 FRAMarar h\u00e9ldum \u00ed dag fimmta \u00a0s\u00fapufund vetrarins. M\u00e6tingin \u00ed dag var gr\u00ed\u00f0arlega g\u00f3\u00f0 \u00a0mi\u00f0a\u00f0 vi\u00f0 \u00fea\u00f0 sem vi\u00f0 reiknu\u00f0um me\u00f0 enda ve\u00f0ur heldur \u00f3yndislegt til \u00fatifer\u00f0a. Okkur telst til a\u00f0 \u00fea\u00f0 hafi veri\u00f0 50 \u00a0menn og konur sem g\u00e6ddu s\u00e9r \u00e1 \u00feessari l\u00edka f\u00ednu\u00a0s\u00fapu. Svakalega g\u00f3\u00f0 s\u00fapa \u00ed dag sem var a\u00f0 \u00feessu sinni eldu\u00f0 \u00e1 sta\u00f0num og af s\u00e9rstakri natni.<br \/>\n\u00de\u00f6kkum Gurr\u00fd og L\u00fa\u00f0v\u00edk fyrir s\u00fapuna \u00ed dag, h\u00fan var g\u00f3\u00f0.<\/p>\n<p>\u00dea\u00f0 er alltaf gaman a\u00f0 sj\u00e1 alla \u00feessa FRAMara \u00e1 \u00f6llum aldri rifja upp gamla daga, r\u00e6\u00f0a m\u00e1lefni dagsins.<br \/>\nErlendur Magn\u00fasson bau\u00f0 upp \u00e1 b\u00ed\u00f3s\u00fdningu sem vakti k\u00e1t\u00ednu margra \u00a0og FRAM stelpur seldu mi\u00f0a \u00e1 bikarleikinn \u00e1 morgun.<br \/>\n\u00dea\u00f0 er von okkar a\u00f0 sj\u00e1 alla \u00fe\u00e1 sem komu \u00ed dag og enn fleiri \u00feegar vi\u00f0 h\u00f6ldum n\u00e6sta fund sem ver\u00f0ur f\u00f6studaginn 31. mars 2017.<\/p>\n<p>Hvetjum alla FRAMara til a\u00f0 m\u00e6ta og hj\u00e1lpa okkur a\u00f0 l\u00e1ta fleiri vita af \u00feessari velheppnu\u00f0u upp\u00e1komu.<\/p>\n<p>Takk fyrir samveruna \u00ed dag.<\/p>\n<p>\u00c1FRAM FRAM<\/p>","protected":false},"excerpt":{"rendered":"<p>Vi\u00f0 FRAMarar h\u00e9ldum \u00ed dag fimmta \u00a0s\u00fapufund vetrarins. M\u00e6tingin \u00ed dag var gr\u00ed\u00f0arlega g\u00f3\u00f0 \u00a0mi\u00f0a\u00f0 vi\u00f0 \u00fea\u00f0 sem vi\u00f0 reiknu\u00f0um me\u00f0 enda ve\u00f0ur heldur \u00f3yndislegt til \u00fatifer\u00f0a. Okkur telst til [&hellip;]<\/p>","protected":false},"author":4,"featured_media":15029,"comment_status":"open","ping_status":"open","sticky":false,"template":"","format":"standard","meta":{"_monsterinsights_skip_tracking":false,"_monsterinsights_sitenote_active":false,"_monsterinsights_sitenote_note":"","_monsterinsights_sitenote_category":0,"_jetpack_memberships_contains_paid_content":false,"footnotes":""},"categories":[8,10],"tags":[],"class_list":["post-15027","post","type-post","status-publish","format-standard","has-post-thumbnail","hentry","category-adalstjorn","category-frettir"],"jetpack_sharing_enabled":true,"jetpack_featured_media_url":"https:\/\/fram.is\/wp-content\/uploads\/2017\/02\/Erlendur-og-f\u00e9lagar-scaled.jpg","_links":{"self":[{"href":"https:\/\/fram.is\/is\/wp-json\/wp\/v2\/posts\/15027","targetHints":{"allow":["GET"]}}],"collection":[{"href":"https:\/\/fram.is\/is\/wp-json\/wp\/v2\/posts"}],"about":[{"href":"https:\/\/fram.is\/is\/wp-json\/wp\/v2\/types\/post"}],"author":[{"embeddable":true,"href":"https:\/\/fram.is\/is\/wp-json\/wp\/v2\/users\/4"}],"replies":[{"embeddable":true,"href":"https:\/\/fram.is\/is\/wp-json\/wp\/v2\/comments?post=15027"}],"version-history":[{"count":0,"href":"https:\/\/fram.is\/is\/wp-json\/wp\/v2\/posts\/15027\/revisions"}],"wp:featuredmedia":[{"embeddable":true,"href":"https:\/\/fram.is\/is\/wp-json\/wp\/v2\/media\/15029"}],"wp:attachment":[{"href":"https:\/\/fram.is\/is\/wp-json\/wp\/v2\/media?parent=15027"}],"wp:term":[{"taxonomy":"category","embeddable":true,"href":"https:\/\/fram.is\/is\/wp-json\/wp\/v2\/categories?post=15027"},{"taxonomy":"post_tag","embeddable":true,"href":"https:\/\/fram.is\/is\/wp-json\/wp\/v2\/tags?post=15027"}],"curies":[{"name":"wp","href":"https:\/\/api.w.org\/{rel}","templated":true}]}}