{"id":15042,"date":"2017-02-25T17:32:44","date_gmt":"2017-02-25T17:32:44","guid":{"rendered":"http:\/\/fram.is\/?p=15042"},"modified":"2017-02-25T17:32:44","modified_gmt":"2017-02-25T17:32:44","slug":"svakalega-surt-tap-i-coca-cola-bikarnum","status":"publish","type":"post","link":"https:\/\/fram.is\/is\/2017\/02\/25\/svakalega-surt-tap-i-coca-cola-bikarnum\/","title":{"rendered":"Svakalega s\u00fart tap \u00ed Coca Cola bikarnum"},"content":{"rendered":"<p><a href=\"http:\/\/fram.is\/is\/?attachment_id=15047\"><img fetchpriority=\"high\" decoding=\"async\" class=\"alignright size-medium wp-image-15047\" src=\"http:\/\/fram.is\/wp-content\/uploads\/2017\/02\/Steinunn-\u00ed-\u00farslitum-300x300.jpg\" alt=\"Steinunn \u00ed \u00farslitum\" width=\"300\" height=\"300\" \/><\/a>Stelpurnar okkar \u00ed handboltanum m\u00e6ttu Stj\u00f6rnunni \u00ed \u00farslitaleik Coca Cola bikarsins \u00ed Laugardalsh\u00f6ll \u00ed dag.\u00a0 \u00dea\u00f0 var gr\u00ed\u00f0arlega vel m\u00e6tt \u00ed FRAMh\u00fasi\u00f0 \u00ed morgun og ekki s\u00ed\u00f0ur \u00ed h\u00f6llina, flottur stu\u00f0ningur og virkilega gaman \u00e1 svona leikjum.\u00a0 \u00dea\u00f0 er ekki \u00e1 hverjum degi sem 1300-1400 manns m\u00e6ta \u00e1 FRAM \u00a0leik \u00ed handbolta. FRAMarar takk fyrir stu\u00f0ninginn.<br \/>\nStelpurnar m\u00e6ttu hinsvegar ekki vel til leiks \u00ed dag, vorum pass\u00edvar varnarlega, s\u00f3knarlega \u00e1 h\u00e6lunum og a\u00f0ger\u00f0ir okkar ekki ger\u00f0ar af fullum krafti. Vi\u00f0 \u00ed virkilega vonum m\u00e1lum, lentum undir 8-2 eftir 10 m\u00edn. \u00a0Vi\u00f0 vorum lengi \u00ed gang \u00ed dag, vorum a\u00f0 elta allan h\u00e1lfleikinn og \u00fea\u00f0 f\u00f3r miki\u00f0 p\u00fa\u00f0ur \u00ed a\u00f0 minka muninn.\u00a0 Sta\u00f0an eftir 20 m\u00edn. 11-4.\u00a0 Ekki \u00e1 hverjum degi sem vi\u00f0 setjum 4 m\u00f6rk \u00e1 20 m\u00edn.\u00a0\u00a0 Vi\u00f0 n\u00e1\u00f0um a\u00f0 kl\u00f3ra a\u00f0eins \u00ed bakkan me\u00f0 g\u00f3\u00f0um kafla undir lokin sta\u00f0an \u00ed h\u00e1lfleik, 13-9.<br \/>\nVi\u00f0 ekki a\u00f0 leika vel \u00ed fyrri h\u00e1lfleik.\u00a0 En fj\u00f6gur m\u00f6rk \u00ed h\u00e1lfleik er ekki t\u00f6pu\u00f0 sta\u00f0a en lj\u00f3st a\u00f0 vi\u00f0 yr\u00f0um a\u00f0 spila mun betur \u00ed s\u00ed\u00f0ari h\u00e1lfleik.<br \/>\n\u00dea\u00f0 gekk eftir vi\u00f0 n\u00e1\u00f0um flj\u00f3tlega a\u00f0 setja pressu \u00e1 Stj\u00f6rnuna, varnarleikurinn batna\u00f0i jafnt og \u00fe\u00e9tt. Sta\u00f0an eftir 40 m\u00edn. 16-15.\u00a0 Vi\u00f0 n\u00e1\u00f0um loks a\u00f0 jafna eftir 50 m\u00edn. \u00ed 17-17, \u00a0fengum marga m\u00f6guleika til a\u00f0 jafna en n\u00fdttum f\u00e6rin ekki n\u00f3gu vel og vorum a\u00f0 gera of miki\u00f0 af t\u00e6knifeilum.\u00a0 Vi\u00f0 komumst aldrei yfir \u00ed \u00feessum leik, vi\u00f0 n\u00fdttum f\u00e6rin okkar ekki n\u00f3gu vel til \u00feess en fengum sannarlega t\u00e6kif\u00e6rin.\u00a0 Lokat\u00f6lur \u00ed dag 19-18 tap.<br \/>\n\u00dea\u00f0 ver\u00f0ur a\u00f0 segja a\u00f0 \u00feetta tap var hrikalega s\u00fart,\u00a0 vi\u00f0 fengum m\u00f6rg t\u00e6kif\u00e6ri til a\u00f0 jafna og eins a\u00f0 komast yfir en n\u00e1\u00f0um bara ekki a\u00f0 yfirst\u00edga \u00feann \u00fer\u00f6skuld, \u00fev\u00ed mi\u00f0ur.\u00a0 Varnarleikur okkar \u00ed seinni h\u00e1lfleik var \u00ed raun til fyrirmyndar og Gu\u00f0r\u00fan mj\u00f6g g\u00f3\u00f0 \u00ed markinu.\u00a0 S\u00f3knarlega vorum vi\u00f0 hreinlega slakar \u00e1 k\u00f6flum og t\u00f3kum miki\u00f0 af r\u00f6ngu \u00e1kv\u00f6r\u00f0unum \u00ed \u00feessum leik. \u00a0\u00dea\u00f0 sem f\u00f3r samt me\u00f0 leikinn var hvernig vi\u00f0 byrju\u00f0um hann, \u00fea\u00f0 er gr\u00ed\u00f0arlega erfitt a\u00f0 byrja svona illa og kostar miki\u00f0 a\u00f0 vinna \u00fea\u00f0 upp. S\u00fart a\u00f0 tapa \u00farslitaleikjum en vi\u00f0 vinnum okkur \u00fat \u00far \u00fev\u00ed \u00ed r\u00f3legheitum.\u00a0 Takk fyrir skemmtunina \u00ed dag.<\/p>\n<p>\u00c1FRAM FRAM<\/p>\n<p>Minni \u00e1 myndas\u00ed\u00f0a J\u00f3a Kristins, hann fanga\u00f0i stemminguna \u00ed dag, <a href=\"http:\/\/frammyndir.123.is\/pictures\/\" target=\"_blank\" rel=\"noopener\">http:\/\/frammyndir.123.is\/pictures\/<\/a><\/p>\n<p>Eins minnum vi\u00f0 a\u00f0 3 \u00farslita leiki FRAM \u00e1 morgun \u00ed yngriflokkunum, endilega k\u00edkja \u00e1 \u00fe\u00e1 leik.<\/p>","protected":false},"excerpt":{"rendered":"<p>Stelpurnar okkar \u00ed handboltanum m\u00e6ttu Stj\u00f6rnunni \u00ed \u00farslitaleik Coca Cola bikarsins \u00ed Laugardalsh\u00f6ll \u00ed dag.\u00a0 \u00dea\u00f0 var gr\u00ed\u00f0arlega vel m\u00e6tt \u00ed FRAMh\u00fasi\u00f0 \u00ed morgun og ekki s\u00ed\u00f0ur \u00ed h\u00f6llina, flottur [&hellip;]<\/p>","protected":false},"author":4,"featured_media":15046,"comment_status":"open","ping_status":"open","sticky":false,"template":"","format":"standard","meta":{"_monsterinsights_skip_tracking":false,"_monsterinsights_sitenote_active":false,"_monsterinsights_sitenote_note":"","_monsterinsights_sitenote_category":0,"_jetpack_memberships_contains_paid_content":false,"footnotes":""},"categories":[6,15],"tags":[],"class_list":["post-15042","post","type-post","status-publish","format-standard","has-post-thumbnail","hentry","category-handbolti","category-mfl-kvenna"],"jetpack_sharing_enabled":true,"jetpack_featured_media_url":"https:\/\/fram.is\/wp-content\/uploads\/2017\/02\/Bikarmynd-\u00farslit-vefur.jpg","_links":{"self":[{"href":"https:\/\/fram.is\/is\/wp-json\/wp\/v2\/posts\/15042","targetHints":{"allow":["GET"]}}],"collection":[{"href":"https:\/\/fram.is\/is\/wp-json\/wp\/v2\/posts"}],"about":[{"href":"https:\/\/fram.is\/is\/wp-json\/wp\/v2\/types\/post"}],"author":[{"embeddable":true,"href":"https:\/\/fram.is\/is\/wp-json\/wp\/v2\/users\/4"}],"replies":[{"embeddable":true,"href":"https:\/\/fram.is\/is\/wp-json\/wp\/v2\/comments?post=15042"}],"version-history":[{"count":0,"href":"https:\/\/fram.is\/is\/wp-json\/wp\/v2\/posts\/15042\/revisions"}],"wp:featuredmedia":[{"embeddable":true,"href":"https:\/\/fram.is\/is\/wp-json\/wp\/v2\/media\/15046"}],"wp:attachment":[{"href":"https:\/\/fram.is\/is\/wp-json\/wp\/v2\/media?parent=15042"}],"wp:term":[{"taxonomy":"category","embeddable":true,"href":"https:\/\/fram.is\/is\/wp-json\/wp\/v2\/categories?post=15042"},{"taxonomy":"post_tag","embeddable":true,"href":"https:\/\/fram.is\/is\/wp-json\/wp\/v2\/tags?post=15042"}],"curies":[{"name":"wp","href":"https:\/\/api.w.org\/{rel}","templated":true}]}}