{"id":15068,"date":"2017-02-27T09:17:27","date_gmt":"2017-02-27T09:17:27","guid":{"rendered":"http:\/\/fram.is\/?p=15068"},"modified":"2017-02-27T09:17:27","modified_gmt":"2017-02-27T09:17:27","slug":"rikhardur-jonsson-kvedja-fra-knattspyrnufelaginu-fram","status":"publish","type":"post","link":"https:\/\/fram.is\/is\/2017\/02\/27\/rikhardur-jonsson-kvedja-fra-knattspyrnufelaginu-fram\/","title":{"rendered":"R\u00edkhar\u00f0ur J\u00f3nsson, kve\u00f0ja fr\u00e1 Knattspyrnuf\u00e9laginu Fram"},"content":{"rendered":"<p><a href=\"http:\/\/fram.is\/is\/?attachment_id=15069\"><img fetchpriority=\"high\" decoding=\"async\" class=\"alignright size-medium wp-image-15069\" src=\"http:\/\/fram.is\/wp-content\/uploads\/2017\/02\/R\u00edkhar\u00f0ur-J\u00f3nsson-19-\u00e1ra0001-001-002-200x300.jpg\" alt=\"R\u00edkhar\u00f0ur J\u00f3nsson 19 \u00e1ra0001-001 (002)\" width=\"200\" height=\"300\" \/><\/a>R\u00edkhar\u00f0ur J\u00f3nsson\u00a0F: 12. n\u00f3vember 1929. D: 14. febr\u00faar 2017.<\/p>\n<p>* \u00datf\u00f6r R\u00edkhar\u00f0s fer fram fr\u00e1 Akraneskirkju \u00ed dag, m\u00e1nudaginn 27. febr\u00faar 2017, kl. 14.<\/p>\n<p>Kve\u00f0ja fr\u00e1 Knattspyrnuf\u00e9laginu Fram<\/p>\n<p>Vi\u00f0 fr\u00e1fall R\u00edkhar\u00f0s J\u00f3nssonar sj\u00e1 Framarar \u00e1 eftir litr\u00edkum f\u00e9laga og vini. R\u00edkhar\u00f0ur var a\u00f0eins 17 \u00e1ra \u00feegar hann kom fr\u00e1 Akranesi til Reykjav\u00edkur og h\u00f3f m\u00e1laran\u00e1m 1947. Meistari hans var Eir\u00edkur J\u00f3nsson, h\u00fasa- og listm\u00e1lari, sem var\u00f0 margfaldur \u00cdslandsmeistari me\u00f0 Fram. Rikki minntist Eir\u00edks, sem hanna\u00f0i Frammerki\u00f0, \u00e1 80 \u00e1ra afm\u00e6li Fram 1989 \u00feeger hann gaf bikar, Eir\u00edksbikarinn, til minningar um meistara sinn. Bikarinn hefur \u00e1rlega veri\u00f0 veittur ungum leikmanni sem hefur s\u00fdnt mestar framfarir \u00ed yngri flokkum f\u00e9lagsins.<\/p>\n<p>\u00deegar Rikki gekk til li\u00f0s vi\u00f0 Fram s\u00fdndi hann strax hvers hann var megnugur \u2013 skora\u00f0i 9 af 12 m\u00f6rkum Fram sem var\u00f0 Reykjav\u00edkurmeistari. \u00de\u00e1 var hann lykilma\u00f0ur \u00ed \u00cdslandsmeistarali\u00f0i Fram um\u00a0 sumari\u00f0 og l\u00e9k sinn fyrsta landsleik.<\/p>\n<p>\u00cd byrjun \u00e1rs 1951 sendi Fram R\u00edkhar\u00f0 til \u00de\u00fdskalands til a\u00f0 kynna s\u00e9r betur listir knattspyrnunnar og var R\u00edkhar\u00f0ur Fram alla t\u00ed\u00f0 \u00feakkl\u00e1tur fyrir \u00fe\u00e1 velvild og sag\u00f0i a\u00f0 \u00cdA hafi alltaf sta\u00f0i\u00f0 \u00ed \u00feakkarskuld vi\u00f0 Fram. \u201eFramarar fengu bo\u00f0 um a\u00f0 senda mann til Koblenz. \u00deeir bu\u00f0u m\u00e9r a\u00f0 fara \u00fer\u00e1tt fyrir a\u00f0 \u00feeir vissu a\u00f0 \u00e9g myndi fara \u00e1 n\u00fd til Akraness vori\u00f0 1951. \u00c9g er viss um a\u00f0 \u00fea\u00f0 hef\u00f0u ekki or\u00f0i\u00f0 st\u00f3rlegar breytingar h\u00e9r \u00e1 Akranesi, ef \u00e9g hef\u00f0i ekki fari\u00f0 til \u00de\u00fdskalands,\u201c sag\u00f0i R\u00edkhar\u00f0ur \u00ed b\u00f3kinni: 100 \u00e1ra saga \u00cdslandsm\u00f3tsins \u00ed knattspyrnu.<\/p>\n<p>R\u00edkhar\u00f0ur var mikill Framari og hugur hans var alltaf hj\u00e1 Fram. Hann l\u00e9t sig aldrei vanta \u00e1 herrakv\u00f6ld Fram &#8211; allt fr\u00e1 byrjun &#8211; og \u00e1 me\u00f0an heilsa hans var g\u00f3\u00f0. \u00de\u00e1 m\u00e6tti hann \u00e1 allar h\u00e1t\u00ed\u00f0arstundir f\u00e9lagsins og einnig til a\u00f0 kve\u00f0ja gamla f\u00e9laga. Rikki var s\u00e6mdur Gullmerki Fram 1989 \u2013 \u00e1 sext\u00edu \u00e1ra afm\u00e6li s\u00ednu.<\/p>\n<p>Knattspyrnuf\u00e9lagi\u00f0 Fram kve\u00f0ur hei\u00f0ursmanninn R\u00edkhar\u00f0 J\u00f3nsson me\u00f0 mikilli hl\u00fdju og \u00feakkar honum fyrir \u00f3metanlegan \u00fe\u00e1tt \u00ed s\u00f6gu f\u00e9lagsins. B\u00f6rnum hans og \u00f6\u00f0rum \u00e1stvinum eru sendar hugheilar sam\u00fa\u00f0arkve\u00f0jur.<\/p>\n<p>Sigmundur \u00d3. Steinarsson.<\/p>","protected":false},"excerpt":{"rendered":"<p>R\u00edkhar\u00f0ur J\u00f3nsson\u00a0F: 12. n\u00f3vember 1929. D: 14. febr\u00faar 2017. * \u00datf\u00f6r R\u00edkhar\u00f0s fer fram fr\u00e1 Akraneskirkju \u00ed dag, m\u00e1nudaginn 27. febr\u00faar 2017, kl. 14. Kve\u00f0ja fr\u00e1 Knattspyrnuf\u00e9laginu Fram Vi\u00f0 fr\u00e1fall [&hellip;]<\/p>","protected":false},"author":4,"featured_media":10978,"comment_status":"open","ping_status":"open","sticky":false,"template":"","format":"standard","meta":{"_monsterinsights_skip_tracking":false,"_monsterinsights_sitenote_active":false,"_monsterinsights_sitenote_note":"","_monsterinsights_sitenote_category":0,"_jetpack_memberships_contains_paid_content":false,"footnotes":""},"categories":[1],"tags":[],"class_list":["post-15068","post","type-post","status-publish","format-standard","has-post-thumbnail","hentry","category-uncategorized"],"jetpack_sharing_enabled":true,"jetpack_featured_media_url":"https:\/\/fram.is\/wp-content\/uploads\/2015\/08\/FRAMf\u00e1ni-vefur-scaled.jpg","_links":{"self":[{"href":"https:\/\/fram.is\/is\/wp-json\/wp\/v2\/posts\/15068","targetHints":{"allow":["GET"]}}],"collection":[{"href":"https:\/\/fram.is\/is\/wp-json\/wp\/v2\/posts"}],"about":[{"href":"https:\/\/fram.is\/is\/wp-json\/wp\/v2\/types\/post"}],"author":[{"embeddable":true,"href":"https:\/\/fram.is\/is\/wp-json\/wp\/v2\/users\/4"}],"replies":[{"embeddable":true,"href":"https:\/\/fram.is\/is\/wp-json\/wp\/v2\/comments?post=15068"}],"version-history":[{"count":0,"href":"https:\/\/fram.is\/is\/wp-json\/wp\/v2\/posts\/15068\/revisions"}],"wp:featuredmedia":[{"embeddable":true,"href":"https:\/\/fram.is\/is\/wp-json\/wp\/v2\/media\/10978"}],"wp:attachment":[{"href":"https:\/\/fram.is\/is\/wp-json\/wp\/v2\/media?parent=15068"}],"wp:term":[{"taxonomy":"category","embeddable":true,"href":"https:\/\/fram.is\/is\/wp-json\/wp\/v2\/categories?post=15068"},{"taxonomy":"post_tag","embeddable":true,"href":"https:\/\/fram.is\/is\/wp-json\/wp\/v2\/tags?post=15068"}],"curies":[{"name":"wp","href":"https:\/\/api.w.org\/{rel}","templated":true}]}}