{"id":15085,"date":"2017-03-01T10:08:30","date_gmt":"2017-03-01T10:08:30","guid":{"rendered":"http:\/\/fram.is\/?p=15085"},"modified":"2017-03-01T10:08:30","modified_gmt":"2017-03-01T10:08:30","slug":"sigurpall-melberg-valinn-i-urtakshop-islands-u21-2","status":"publish","type":"post","link":"https:\/\/fram.is\/is\/2017\/03\/01\/sigurpall-melberg-valinn-i-urtakshop-islands-u21-2\/","title":{"rendered":"Sigurp\u00e1ll Melberg valinn \u00ed \u00fartaksh\u00f3p \u00cdslands U21"},"content":{"rendered":"<p><a href=\"http:\/\/fram.is\/is\/2017\/02\/sigurpall-melberg-valinn-i-urtakshop-islands-u21\/sigurpall-melberg-2\/\"><img fetchpriority=\"high\" decoding=\"async\" class=\"alignright size-medium wp-image-14908\" src=\"http:\/\/fram.is\/wp-content\/uploads\/2017\/02\/Sigurp\u00e1ll-Melberg-300x300.jpg\" alt=\"Sigurp\u00e1ll Melberg\" width=\"300\" height=\"300\" \/><\/a>Eyj\u00f3lfur Sverrisson \u00fej\u00e1lfari \u00cdslands U21 \u00ed f\u00f3tbolta hefur vali\u00f0 \u00fartaksh\u00f3p sem kemur saman til \u00e6finga um n\u00e6stu helgi. Vi\u00f0 FRAMarar erum stoltir af \u00fev\u00ed a\u00f0 eiga einn fulltr\u00faa \u00ed \u00feessum \u00fartaksh\u00f3pi en Sigurp\u00e1ll Melberg var valinn fr\u00e1 FRAM a\u00f0 \u00feessu sinni.<\/p>\n<p>Sigurp\u00e1ll Melberg P\u00e1lsson \u00a0\u00a0\u00a0\u00a0\u00a0\u00a0\u00a0\u00a0\u00a0\u00a0\u00a0\u00a0\u00a0\u00a0\u00a0\u00a0\u00a0\u00a0\u00a0\u00a0\u00a0\u00a0\u00a0\u00a0\u00a0 Fram<\/p>\n<p>Gangi \u00fe\u00e9r vel Sigurp\u00e1ll.<\/p>\n<p>\u00c1FRAM FRAM<\/p>","protected":false},"excerpt":{"rendered":"<p>Eyj\u00f3lfur Sverrisson \u00fej\u00e1lfari \u00cdslands U21 \u00ed f\u00f3tbolta hefur vali\u00f0 \u00fartaksh\u00f3p sem kemur saman til \u00e6finga um n\u00e6stu helgi. Vi\u00f0 FRAMarar erum stoltir af \u00fev\u00ed a\u00f0 eiga einn fulltr\u00faa \u00ed \u00feessum [&hellip;]<\/p>","protected":false},"author":4,"featured_media":14968,"comment_status":"open","ping_status":"open","sticky":false,"template":"","format":"standard","meta":{"_monsterinsights_skip_tracking":false,"_monsterinsights_sitenote_active":false,"_monsterinsights_sitenote_note":"","_monsterinsights_sitenote_category":0,"_jetpack_memberships_contains_paid_content":false,"footnotes":""},"categories":[11,9],"tags":[],"class_list":["post-15085","post","type-post","status-publish","format-standard","has-post-thumbnail","hentry","category-mflkarla","category-fotbolti"],"jetpack_sharing_enabled":true,"jetpack_featured_media_url":"https:\/\/fram.is\/wp-content\/uploads\/2017\/02\/FRAM-\u00der\u00f3ttur-vefur-scaled.jpg","_links":{"self":[{"href":"https:\/\/fram.is\/is\/wp-json\/wp\/v2\/posts\/15085","targetHints":{"allow":["GET"]}}],"collection":[{"href":"https:\/\/fram.is\/is\/wp-json\/wp\/v2\/posts"}],"about":[{"href":"https:\/\/fram.is\/is\/wp-json\/wp\/v2\/types\/post"}],"author":[{"embeddable":true,"href":"https:\/\/fram.is\/is\/wp-json\/wp\/v2\/users\/4"}],"replies":[{"embeddable":true,"href":"https:\/\/fram.is\/is\/wp-json\/wp\/v2\/comments?post=15085"}],"version-history":[{"count":0,"href":"https:\/\/fram.is\/is\/wp-json\/wp\/v2\/posts\/15085\/revisions"}],"wp:featuredmedia":[{"embeddable":true,"href":"https:\/\/fram.is\/is\/wp-json\/wp\/v2\/media\/14968"}],"wp:attachment":[{"href":"https:\/\/fram.is\/is\/wp-json\/wp\/v2\/media?parent=15085"}],"wp:term":[{"taxonomy":"category","embeddable":true,"href":"https:\/\/fram.is\/is\/wp-json\/wp\/v2\/categories?post=15085"},{"taxonomy":"post_tag","embeddable":true,"href":"https:\/\/fram.is\/is\/wp-json\/wp\/v2\/tags?post=15085"}],"curies":[{"name":"wp","href":"https:\/\/api.w.org\/{rel}","templated":true}]}}