{"id":15133,"date":"2017-03-10T10:56:36","date_gmt":"2017-03-10T10:56:36","guid":{"rendered":"http:\/\/fram.is\/?p=15133"},"modified":"2017-03-10T10:56:36","modified_gmt":"2017-03-10T10:56:36","slug":"dadey-asta-valinn-i-aefingahop-islands-u15-i-handbolta-2","status":"publish","type":"post","link":"https:\/\/fram.is\/is\/2017\/03\/10\/dadey-asta-valinn-i-aefingahop-islands-u15-i-handbolta-2\/","title":{"rendered":"Da\u00f0ey \u00c1sta valinn \u00ed \u00e6fingah\u00f3p \u00cdslands U15 \u00ed handbolta"},"content":{"rendered":"<p><a href=\"http:\/\/fram.is\/is\/?attachment_id=15134\"><img fetchpriority=\"high\" decoding=\"async\" class=\"alignright size-medium wp-image-15134\" src=\"http:\/\/fram.is\/wp-content\/uploads\/2017\/03\/Da\u00f0ey-\u00c1sta-300x300.jpg\" alt=\"Da\u00f0ey \u00c1sta\" width=\"300\" height=\"300\" \/><\/a>Rakel D\u00f6gg Bragad\u00f3ttir og \u00d3lafur V\u00ed\u00f0ir \u00d3lafsson landsli\u00f0s\u00fej\u00e1lfarar \u00cdslands U-15 \u00ed handbolta hafa vali\u00f0 40 st\u00falkur til \u00e6finga helgina 17 &#8211; 19. mars.<br \/>\nVi\u00f0 FRAMarar erum stoltir af \u00fev\u00ed a\u00f0 eiga einn fulltr\u00faa \u00ed \u00feessum \u00e6fingah\u00f3pi en Da\u00f0ey \u00c1sta H\u00e1lfd\u00e1nsd\u00f3ttir var valinn fr\u00e1 FRAM a\u00f0 \u00feessu sinni.<\/p>\n<p>Da\u00f0ey H\u00e1lfd\u00e1nsd\u00f3ttir\u00a0\u00a0\u00a0\u00a0\u00a0\u00a0\u00a0\u00a0\u00a0\u00a0\u00a0\u00a0\u00a0\u00a0\u00a0\u00a0\u00a0\u00a0\u00a0 FRAM<\/p>\n<p>Gangi \u00fe\u00e9r vel Da\u00f0ey \u00c1sta<\/p>\n<p>\u00c1FRAM FRAM<\/p>","protected":false},"excerpt":{"rendered":"<p>Rakel D\u00f6gg Bragad\u00f3ttir og \u00d3lafur V\u00ed\u00f0ir \u00d3lafsson landsli\u00f0s\u00fej\u00e1lfarar \u00cdslands U-15 \u00ed handbolta hafa vali\u00f0 40 st\u00falkur til \u00e6finga helgina 17 &#8211; 19. mars. Vi\u00f0 FRAMarar erum stoltir af \u00fev\u00ed a\u00f0 [&hellip;]<\/p>","protected":false},"author":4,"featured_media":15135,"comment_status":"open","ping_status":"open","sticky":false,"template":"","format":"standard","meta":{"_monsterinsights_skip_tracking":false,"_monsterinsights_sitenote_active":false,"_monsterinsights_sitenote_note":"","_monsterinsights_sitenote_category":0,"_jetpack_memberships_contains_paid_content":false,"footnotes":""},"categories":[7,6],"tags":[],"class_list":["post-15133","post","type-post","status-publish","format-standard","has-post-thumbnail","hentry","category-yngri-flokkar","category-handbolti"],"jetpack_sharing_enabled":true,"jetpack_featured_media_url":"https:\/\/fram.is\/wp-content\/uploads\/2017\/03\/Da\u00f0ey-\u00e1sta-vefur.jpg","_links":{"self":[{"href":"https:\/\/fram.is\/is\/wp-json\/wp\/v2\/posts\/15133","targetHints":{"allow":["GET"]}}],"collection":[{"href":"https:\/\/fram.is\/is\/wp-json\/wp\/v2\/posts"}],"about":[{"href":"https:\/\/fram.is\/is\/wp-json\/wp\/v2\/types\/post"}],"author":[{"embeddable":true,"href":"https:\/\/fram.is\/is\/wp-json\/wp\/v2\/users\/4"}],"replies":[{"embeddable":true,"href":"https:\/\/fram.is\/is\/wp-json\/wp\/v2\/comments?post=15133"}],"version-history":[{"count":0,"href":"https:\/\/fram.is\/is\/wp-json\/wp\/v2\/posts\/15133\/revisions"}],"wp:featuredmedia":[{"embeddable":true,"href":"https:\/\/fram.is\/is\/wp-json\/wp\/v2\/media\/15135"}],"wp:attachment":[{"href":"https:\/\/fram.is\/is\/wp-json\/wp\/v2\/media?parent=15133"}],"wp:term":[{"taxonomy":"category","embeddable":true,"href":"https:\/\/fram.is\/is\/wp-json\/wp\/v2\/categories?post=15133"},{"taxonomy":"post_tag","embeddable":true,"href":"https:\/\/fram.is\/is\/wp-json\/wp\/v2\/tags?post=15133"}],"curies":[{"name":"wp","href":"https:\/\/api.w.org\/{rel}","templated":true}]}}