{"id":15151,"date":"2017-03-13T17:31:08","date_gmt":"2017-03-13T17:31:08","guid":{"rendered":"http:\/\/fram.is\/?p=15151"},"modified":"2017-03-13T17:31:08","modified_gmt":"2017-03-13T17:31:08","slug":"mikael-egill-valinn-i-urtakshop-islands-u16-i-fotbolta-2","status":"publish","type":"post","link":"https:\/\/fram.is\/is\/2017\/03\/13\/mikael-egill-valinn-i-urtakshop-islands-u16-i-fotbolta-2\/","title":{"rendered":"Mikael Egill valinn \u00ed \u00fartaksh\u00f3p \u00cdslands U16 \u00ed f\u00f3tbolta"},"content":{"rendered":"<p><a href=\"http:\/\/fram.is\/is\/2016\/09\/thrir-fra-fram-i\/mikael\/\"><img fetchpriority=\"high\" decoding=\"async\" class=\"alignright size-medium wp-image-14106\" src=\"http:\/\/fram.is\/wp-content\/uploads\/2016\/09\/Mikael-210x300.jpg\" alt=\"mikael\" width=\"210\" height=\"300\" \/><\/a>Valinn hefur veri\u00f0 \u00fartaksh\u00f3pur \u00cdslands U16 karla, str\u00e1kar f\u00e6ddir 2002 en h\u00f3purinn kemur saman til \u00e6finga helgina 24\u2013 26. mars n\u00e6stkomandi. \u00c6fingarnar fara fram undir stj\u00f3rn Dean Martin.<br \/>\nVi\u00f0 FRAMarar erum stoltir af \u00fev\u00ed a\u00f0 eiga einn fulltr\u00faa \u00ed \u00feessu h\u00f3pi en Mikael Egill Ellertsson var valinn fr\u00e1 FRAM a\u00f0 \u00feessu sinni.<\/p>\n<p>Mikael Egill Ellertsson \u00a0\u00a0\u00a0\u00a0\u00a0\u00a0\u00a0\u00a0\u00a0\u00a0\u00a0\u00a0\u00a0\u00a0\u00a0\u00a0\u00a0\u00a0 Fram<\/p>\n<p>Gangi \u00fe\u00e9r vel Mikael<\/p>\n<p>\u00c1FRAM FRAM<\/p>","protected":false},"excerpt":{"rendered":"<p>Valinn hefur veri\u00f0 \u00fartaksh\u00f3pur \u00cdslands U16 karla, str\u00e1kar f\u00e6ddir 2002 en h\u00f3purinn kemur saman til \u00e6finga helgina 24\u2013 26. mars n\u00e6stkomandi. \u00c6fingarnar fara fram undir stj\u00f3rn Dean Martin. Vi\u00f0 FRAMarar [&hellip;]<\/p>","protected":false},"author":4,"featured_media":14395,"comment_status":"open","ping_status":"open","sticky":false,"template":"","format":"standard","meta":{"_monsterinsights_skip_tracking":false,"_monsterinsights_sitenote_active":false,"_monsterinsights_sitenote_note":"","_monsterinsights_sitenote_category":0,"_jetpack_memberships_contains_paid_content":false,"footnotes":""},"categories":[9,13],"tags":[],"class_list":["post-15151","post","type-post","status-publish","format-standard","has-post-thumbnail","hentry","category-fotbolti","category-yngriflokkar"],"jetpack_sharing_enabled":true,"jetpack_featured_media_url":"https:\/\/fram.is\/wp-content\/uploads\/2016\/11\/Mikael-vefur.jpg","_links":{"self":[{"href":"https:\/\/fram.is\/is\/wp-json\/wp\/v2\/posts\/15151","targetHints":{"allow":["GET"]}}],"collection":[{"href":"https:\/\/fram.is\/is\/wp-json\/wp\/v2\/posts"}],"about":[{"href":"https:\/\/fram.is\/is\/wp-json\/wp\/v2\/types\/post"}],"author":[{"embeddable":true,"href":"https:\/\/fram.is\/is\/wp-json\/wp\/v2\/users\/4"}],"replies":[{"embeddable":true,"href":"https:\/\/fram.is\/is\/wp-json\/wp\/v2\/comments?post=15151"}],"version-history":[{"count":0,"href":"https:\/\/fram.is\/is\/wp-json\/wp\/v2\/posts\/15151\/revisions"}],"wp:featuredmedia":[{"embeddable":true,"href":"https:\/\/fram.is\/is\/wp-json\/wp\/v2\/media\/14395"}],"wp:attachment":[{"href":"https:\/\/fram.is\/is\/wp-json\/wp\/v2\/media?parent=15151"}],"wp:term":[{"taxonomy":"category","embeddable":true,"href":"https:\/\/fram.is\/is\/wp-json\/wp\/v2\/categories?post=15151"},{"taxonomy":"post_tag","embeddable":true,"href":"https:\/\/fram.is\/is\/wp-json\/wp\/v2\/tags?post=15151"}],"curies":[{"name":"wp","href":"https:\/\/api.w.org\/{rel}","templated":true}]}}