{"id":15336,"date":"2017-04-06T15:04:33","date_gmt":"2017-04-06T15:04:33","guid":{"rendered":"http:\/\/fram.is\/?p=15336"},"modified":"2017-04-06T15:04:33","modified_gmt":"2017-04-06T15:04:33","slug":"arnar-birkir-og-andri-thor-i-urvalslid-arsins-i-olisdeild-karla","status":"publish","type":"post","link":"https:\/\/fram.is\/is\/2017\/04\/06\/arnar-birkir-og-andri-thor-i-urvalslid-arsins-i-olisdeild-karla\/","title":{"rendered":"Arnar Birkir og Andri \u00de\u00f3r \u00ed \u00farvalsli\u00f0 \u00e1rsins \u00ed Ol\u00edsdeild karla"},"content":{"rendered":"<p><a href=\"http:\/\/fram.is\/is\/?attachment_id=15338\"><img fetchpriority=\"high\" decoding=\"async\" class=\"alignright size-medium wp-image-15338\" src=\"http:\/\/fram.is\/wp-content\/uploads\/2017\/04\/Andri-\u00de\u00f3r-I-300x300.jpg\" alt=\"Andri \u00de\u00f3r I\" width=\"300\" height=\"300\" \/><\/a><a href=\"http:\/\/fram.is\/is\/?attachment_id=15337\"><img decoding=\"async\" class=\"alignright size-medium wp-image-15337\" src=\"http:\/\/fram.is\/wp-content\/uploads\/2017\/04\/Arnar-Birkir-300x300.jpg\" alt=\"Arnar Birkir\" width=\"300\" height=\"300\" \/><\/a>\u00cd h\u00e1\u00addeg\u00adinu \u00ed dag var til\u00adkynnt um val \u00fej\u00e1lf\u00adara \u00ed Ol\u00eds-deild karla \u00ed hand\u00adbolta \u00e1 \u00far\u00advalsli\u00f0i \u00e1rs\u00adins.<br \/>\nVi\u00f0 FRAMarar eru hrikalega stoltir af \u00fev\u00ed a\u00f0 eiga tvo fulltr\u00faa \u00ed \u00feessu flotta h\u00f3pi leikmanna.\u00a0 Gaman a\u00f0 \u00fev\u00ed a\u00f0 FRAM \u00e1 felsta fulltr\u00faa \u00ed \u00feessum \u00farvalsh\u00f3pi \u00e1samt FH og \u00cdBV.<br \/>\nAndri \u00de\u00f3r var valinn besti vinstri hornama\u00f0urinn og\u00a0 Arnar Birkir valinn besta h\u00e6gri skyttan.<\/p>\n<p><strong>Vinstra horn:<\/strong>\u00a0 \u00a0 \u00a0 Andri \u00de\u00f3r Helga\u00adson \u00a0\u00a0\u00a0\u00a0\u00a0\u00a0\u00a0\u00a0\u00a0\u00a0\u00a0 FRAM<br \/>\n<strong>H\u00e6gri skytta:<\/strong>\u00a0 \u00a0 \u00a0Arn\u00adar Birk\u00adir H\u00e1lf\u00add\u00e1ns\u00adson \u00a0 FRAM<\/p>\n<p>Innilega til hamingju \u00a0Arnar Birkir og Andri \u00de\u00f3r.<\/p>\n<p>\u00c1FRAM FRAM<\/p>","protected":false},"excerpt":{"rendered":"<p>\u00cd h\u00e1\u00addeg\u00adinu \u00ed dag var til\u00adkynnt um val \u00fej\u00e1lf\u00adara \u00ed Ol\u00eds-deild karla \u00ed hand\u00adbolta \u00e1 \u00far\u00advalsli\u00f0i \u00e1rs\u00adins. Vi\u00f0 FRAMarar eru hrikalega stoltir af \u00fev\u00ed a\u00f0 eiga tvo fulltr\u00faa \u00ed \u00feessu [&hellip;]<\/p>","protected":false},"author":4,"featured_media":15341,"comment_status":"open","ping_status":"open","sticky":false,"template":"","format":"standard","meta":{"_monsterinsights_skip_tracking":false,"_monsterinsights_sitenote_active":false,"_monsterinsights_sitenote_note":"","_monsterinsights_sitenote_category":0,"_jetpack_memberships_contains_paid_content":false,"footnotes":""},"categories":[6,19,1],"tags":[],"class_list":["post-15336","post","type-post","status-publish","format-standard","has-post-thumbnail","hentry","category-handbolti","category-mfl-karla","category-uncategorized"],"jetpack_sharing_enabled":true,"jetpack_featured_media_url":"https:\/\/fram.is\/wp-content\/uploads\/2017\/04\/Arnar-Birkir-og-Andri-bestir-vefur.jpg","_links":{"self":[{"href":"https:\/\/fram.is\/is\/wp-json\/wp\/v2\/posts\/15336","targetHints":{"allow":["GET"]}}],"collection":[{"href":"https:\/\/fram.is\/is\/wp-json\/wp\/v2\/posts"}],"about":[{"href":"https:\/\/fram.is\/is\/wp-json\/wp\/v2\/types\/post"}],"author":[{"embeddable":true,"href":"https:\/\/fram.is\/is\/wp-json\/wp\/v2\/users\/4"}],"replies":[{"embeddable":true,"href":"https:\/\/fram.is\/is\/wp-json\/wp\/v2\/comments?post=15336"}],"version-history":[{"count":0,"href":"https:\/\/fram.is\/is\/wp-json\/wp\/v2\/posts\/15336\/revisions"}],"wp:featuredmedia":[{"embeddable":true,"href":"https:\/\/fram.is\/is\/wp-json\/wp\/v2\/media\/15341"}],"wp:attachment":[{"href":"https:\/\/fram.is\/is\/wp-json\/wp\/v2\/media?parent=15336"}],"wp:term":[{"taxonomy":"category","embeddable":true,"href":"https:\/\/fram.is\/is\/wp-json\/wp\/v2\/categories?post=15336"},{"taxonomy":"post_tag","embeddable":true,"href":"https:\/\/fram.is\/is\/wp-json\/wp\/v2\/tags?post=15336"}],"curies":[{"name":"wp","href":"https:\/\/api.w.org\/{rel}","templated":true}]}}