{"id":15570,"date":"2017-05-02T16:11:57","date_gmt":"2017-05-02T16:11:57","guid":{"rendered":"http:\/\/fram.is\/?p=15570"},"modified":"2017-05-02T16:11:57","modified_gmt":"2017-05-02T16:11:57","slug":"thrjar-fra-fram-i-landslidid-islands-u17-i-handbolta","status":"publish","type":"post","link":"https:\/\/fram.is\/is\/2017\/05\/02\/thrjar-fra-fram-i-landslidid-islands-u17-i-handbolta\/","title":{"rendered":"\u00derj\u00e1r fr\u00e1 FRAM \u00ed landsli\u00f0i\u00f0 \u00cdslands U17 \u00ed handbolta"},"content":{"rendered":"<p><a href=\"http:\/\/fram.is\/is\/2017\/01\/thrjar-fra-fram-i-aefingahopi-islands-u17-kvenna\/erna-gudlaug-2\/\"><img fetchpriority=\"high\" decoding=\"async\" class=\"alignright size-medium wp-image-14747\" src=\"http:\/\/fram.is\/wp-content\/uploads\/2017\/01\/Erna-Gu\u00f0laug-300x300.jpg\" alt=\"\" width=\"300\" height=\"300\" \/><\/a><a href=\"http:\/\/fram.is\/is\/?attachment_id=15572\"><img decoding=\"async\" class=\"alignright size-medium wp-image-15572\" src=\"http:\/\/fram.is\/wp-content\/uploads\/2017\/05\/Harpa-Mar\u00eda-300x300.jpg\" alt=\"\" width=\"300\" height=\"300\" \/><\/a><a href=\"http:\/\/fram.is\/is\/2016\/12\/thrjar-fra-fram-i-landslidshopi-islands-u19-kvenna\/lena-margret-2\/\"><img decoding=\"async\" class=\"alignright size-medium wp-image-14680\" src=\"http:\/\/fram.is\/wp-content\/uploads\/2016\/12\/Lena-Margr\u00e9t-300x300.jpg\" alt=\"\" width=\"300\" height=\"300\" \/><\/a>Haraldur \u00deorvar\u00f0arson og Sigurgeir J\u00f3nsson landsli\u00f0s\u00fej\u00e1lfarar \u00cdslands U17 kvenna \u00ed handbolta hafi\u00f0 vali\u00f0 16 st\u00falkur sem fara \u00ed \u00e6finga og keppnisfer\u00f0 til P\u00f3llands dagana 25. \u2013 29. ma\u00ed.<br \/>\nVi\u00f0 FRAMarar eru stoltir af \u00fev\u00ed a\u00f0 eiga \u00ferj\u00e1r stelpur \u00ed \u00feessu lokah\u00f3pi sem f\u00e6r a\u00f0 spreyta sig \u00ed p\u00f3llandi.\u00a0 \u00de\u00e6r sem voru valdar fr\u00e1 FRAM a\u00f0 \u00feessu sinni eru:<\/p>\n<p>Erna Gu\u00f0laug Gunnarsd\u00f3ttir\u00a0\u00a0\u00a0\u00a0\u00a0\u00a0\u00a0\u00a0\u00a0\u00a0\u00a0\u00a0\u00a0\u00a0\u00a0\u00a0\u00a0\u00a0\u00a0\u00a0\u00a0 Fram<br \/>\nHarpa Mar\u00eda Fri\u00f0geirsd\u00f3ttir\u00a0\u00a0\u00a0\u00a0\u00a0\u00a0\u00a0\u00a0\u00a0\u00a0\u00a0\u00a0\u00a0\u00a0\u00a0\u00a0\u00a0\u00a0\u00a0\u00a0\u00a0\u00a0\u00a0 Fram<br \/>\nLena Margr\u00e9t Valdimarsd\u00f3ttir\u00a0\u00a0\u00a0\u00a0\u00a0\u00a0\u00a0\u00a0\u00a0\u00a0\u00a0\u00a0\u00a0\u00a0\u00a0\u00a0\u00a0\u00a0 Fram<\/p>\n<p>Gangi ykkur vel.<\/p>\n<p>\u00c1FRAM FRAM<\/p>","protected":false},"excerpt":{"rendered":"<p>Haraldur \u00deorvar\u00f0arson og Sigurgeir J\u00f3nsson landsli\u00f0s\u00fej\u00e1lfarar \u00cdslands U17 kvenna \u00ed handbolta hafi\u00f0 vali\u00f0 16 st\u00falkur sem fara \u00ed \u00e6finga og keppnisfer\u00f0 til P\u00f3llands dagana 25. \u2013 29. ma\u00ed. Vi\u00f0 FRAMarar [&hellip;]<\/p>","protected":false},"author":4,"featured_media":15108,"comment_status":"open","ping_status":"open","sticky":false,"template":"","format":"standard","meta":{"_monsterinsights_skip_tracking":false,"_monsterinsights_sitenote_active":false,"_monsterinsights_sitenote_note":"","_monsterinsights_sitenote_category":0,"_jetpack_memberships_contains_paid_content":false,"footnotes":""},"categories":[1],"tags":[],"class_list":["post-15570","post","type-post","status-publish","format-standard","has-post-thumbnail","hentry","category-uncategorized"],"jetpack_sharing_enabled":true,"jetpack_featured_media_url":"https:\/\/fram.is\/wp-content\/uploads\/2017\/03\/Lena-\u00ed-bikarnum-2017-vefur.jpg","_links":{"self":[{"href":"https:\/\/fram.is\/is\/wp-json\/wp\/v2\/posts\/15570","targetHints":{"allow":["GET"]}}],"collection":[{"href":"https:\/\/fram.is\/is\/wp-json\/wp\/v2\/posts"}],"about":[{"href":"https:\/\/fram.is\/is\/wp-json\/wp\/v2\/types\/post"}],"author":[{"embeddable":true,"href":"https:\/\/fram.is\/is\/wp-json\/wp\/v2\/users\/4"}],"replies":[{"embeddable":true,"href":"https:\/\/fram.is\/is\/wp-json\/wp\/v2\/comments?post=15570"}],"version-history":[{"count":0,"href":"https:\/\/fram.is\/is\/wp-json\/wp\/v2\/posts\/15570\/revisions"}],"wp:featuredmedia":[{"embeddable":true,"href":"https:\/\/fram.is\/is\/wp-json\/wp\/v2\/media\/15108"}],"wp:attachment":[{"href":"https:\/\/fram.is\/is\/wp-json\/wp\/v2\/media?parent=15570"}],"wp:term":[{"taxonomy":"category","embeddable":true,"href":"https:\/\/fram.is\/is\/wp-json\/wp\/v2\/categories?post=15570"},{"taxonomy":"post_tag","embeddable":true,"href":"https:\/\/fram.is\/is\/wp-json\/wp\/v2\/tags?post=15570"}],"curies":[{"name":"wp","href":"https:\/\/api.w.org\/{rel}","templated":true}]}}