{"id":15581,"date":"2017-05-04T22:17:50","date_gmt":"2017-05-04T22:17:50","guid":{"rendered":"http:\/\/fram.is\/?p=15581"},"modified":"2017-05-04T22:17:50","modified_gmt":"2017-05-04T22:17:50","slug":"tap-a-heimavelli-flottu-timabili-lokid-hja-strakunum-okkar","status":"publish","type":"post","link":"https:\/\/fram.is\/is\/2017\/05\/04\/tap-a-heimavelli-flottu-timabili-lokid-hja-strakunum-okkar\/","title":{"rendered":"Tap \u00e1 heimavelli, flottu t\u00edmabili loki\u00f0 hj\u00e1 str\u00e1kunum okkar"},"content":{"rendered":"<p><a href=\"http:\/\/fram.is\/is\/2017\/04\/svakalegt-tap-i-olisdeild-karla\/matti-gegn-val-ii\/\"><img fetchpriority=\"high\" decoding=\"async\" class=\"alignright size-medium wp-image-15537\" src=\"http:\/\/fram.is\/wp-content\/uploads\/2017\/04\/matti-gegn-val-II-300x300.jpg\" alt=\"\" width=\"300\" height=\"300\" \/><\/a>Str\u00e1karnir okkar \u00ed handboltanum\u00a0 m\u00e6ttu Val \u00ed \u00feri\u00f0jaleik 4 li\u00f0a \u00farslita Ol\u00edsdeildarinnar \u00ed kv\u00f6ld. \u00dea\u00f0 var a\u00f0 duga e\u00f0a drepast \u00fev\u00ed vi\u00f0 vorum b\u00fanir a\u00f0 tapa fyrstu tveimur leikjunum.\u00a0 Vi\u00f0 alls ekki veri\u00f0 tilb\u00fanir \u00ed \u00feetta verkefni fram a\u00f0 \u00feessu leik og \u00fev\u00ed spennandi a\u00f0 sj\u00e1 hva\u00f0 vi\u00f0 \u00e6tlu\u00f0um a\u00f0 bj\u00f3\u00f0a upp\u00e1 \u00ed kv\u00f6ld.\u00a0 \u00dea\u00f0 var \u00feokkalega m\u00e6tt en ekkert meira en \u00fea\u00f0, hef\u00f0i vilja\u00f0 sj\u00e1 fullt h\u00fas.<br \/>\nLeikurinn \u00ed kv\u00f6ld byrja\u00f0i ekki n\u00f3gu vel, vi\u00f0 enn a\u00f0 spila illa s\u00f3knarlega \u00e1samt \u00fev\u00ed a\u00f0 gera miki\u00f0 af mist\u00f6kum, vi\u00f0 ekki l\u00edkir sj\u00e1lfum okkur \u00fev\u00ed mi\u00f0ur. Sta\u00f0an eftir 11. m\u00edn 2-4. \u00a0Vi\u00f0 n\u00e1\u00f0um a\u00f0 standa v\u00f6rnina \u00feokkalega og \u00fea\u00f0 kom a\u00f0eins meira fl\u00e6\u00f0i \u00e1 s\u00f3knarleikinn \u00e1samt \u00fev\u00ed a\u00f0 vi\u00f0 unnum nokkra bolta \u00ed v\u00f6rn sem skila\u00f0i m\u00f6rkum.\u00a0 Sta\u00f0an eftir 20 m\u00edn. 6-7, vi\u00f0 enn a\u00f0 gera miki\u00f0 af misst\u00f6kum.<br \/>\nVi\u00f0 n\u00e1\u00f0um svo a\u00f0 komast yfir eftir c.a 24 m\u00edn. en n\u00e1\u00f0um ekki a\u00f0 fylgja \u00fev\u00ed eftir, sta\u00f0an \u00ed h\u00e1lfleik 11-11. Vi\u00f0 ger\u00f0um alltof miki\u00f0 a\u00f0 misst\u00f6kum \u00ed \u00feessum h\u00e1lfleik, vi\u00f0 \u00f6rugglega me\u00f0 10-12 bolta tapa\u00f0a sem gengur ekki.\u00a0 Viktor a\u00f0 verja vel en hann var me\u00f0 3-4 tapa\u00f0a bolta sem var mj\u00f6g d\u00fdrt. \u00a0Li\u00f0i\u00f0 a\u00f0 berjast vel sem var gaman a\u00f0 sj\u00e1 og spenna fyrir s\u00ed\u00f0ari h\u00e1lfleik.<br \/>\nVi\u00f0 byrju\u00f0um s\u00ed\u00f0ari h\u00e1lfleikinn \u00feokkalega,samt enn a\u00f0 gera miki\u00f0 af misst\u00f6kum. \u00a0S\u00f3knarlega ekki a\u00f0 spila vel, \u00fea\u00f0 vanta\u00f0i allt fl\u00e6\u00f0i \u00ed leikinn og vi\u00f0 a\u00f0 taka vondar \u00e1kvar\u00f0anir. \u00a0Sta\u00f0an eftir 40 m\u00edn. 14-15.\u00a0 Varnarlega vorum vi\u00f0 a\u00f0 standa vel gegn uppstylltri s\u00f3kn.<br \/>\nVi\u00f0 misstum svo \u00feennan leik \u00far okkar h\u00f6ndum, ger\u00f0um miki\u00f0 af mist\u00f6kum s\u00f3knarlega og fengum \u00a0miki\u00f0 af au\u00f0veldum m\u00f6rkum \u00e1 okkur.\u00a0 S\u00f3knarlega ekkert a\u00f0 gerast. \u00a0Sta\u00f0an eftir 50 m\u00edn. 17-23.\u00a0 \u00dea\u00f0 m\u00e1 segja a\u00f0 vi\u00f0 h\u00f6fum tapa\u00f0 \u00feessu leik \u00e1 \u00feessum kafla, vi\u00f0 n\u00e1\u00f0um ekki a\u00f0 \u00f3gna Valsm\u00f6nnum a\u00f0 neinu marki eftir \u00feetta og lokat\u00f6lur \u00ed \u00feessum leik, 21-31.<br \/>\nVi\u00f0 n\u00e1\u00f0um aldrei a\u00f0 s\u00fdna okkar r\u00e9tta andlit \u00ed \u00feessum undan\u00farslitum, of margir leikmenn sem ekki n\u00e1\u00f0um a\u00f0 s\u00fdna sitt besta og einhver do\u00f0i\u00f0 yfir \u00a0\u00f6llum okkar leik. \u00a0Lei\u00f0inlegt a\u00f0 enda \u00feetta svona en li\u00f0i\u00f0 a\u00f0 n\u00e1\u00f0i fr\u00e1b\u00e6rum \u00e1rangri \u00ed vetur og veturinn b\u00fainn a\u00f0 vera mj\u00f6g skemmtilegur. \u00c9g vill \u00feakka str\u00e1kunum fyrir fr\u00e1b\u00e6ra skemmtun \u00ed vetur, \u00fei\u00f0 voru\u00f0 fr\u00e1b\u00e6rir og \u00e9g er stoltur af ykkur drengir.<\/p>\n<p>Takk fyrir veturinn str\u00e1kar, \u00a0\u00c1FRAM FRAM.<\/p>\n<p>J\u00f3i t\u00f3k miki\u00f0 af myndum sem h\u00e6gt ver\u00f0ur a\u00f0 sj\u00e1 h\u00e9rna \u00e1 eftir\u00a0<a href=\"http:\/\/frammyndir.123.is\/pictures\/\" target=\"_blank\" rel=\"noopener\">http:\/\/frammyndir.123.is\/pictures\/<\/a><\/p>","protected":false},"excerpt":{"rendered":"<p>Str\u00e1karnir okkar \u00ed handboltanum\u00a0 m\u00e6ttu Val \u00ed \u00feri\u00f0jaleik 4 li\u00f0a \u00farslita Ol\u00edsdeildarinnar \u00ed kv\u00f6ld. \u00dea\u00f0 var a\u00f0 duga e\u00f0a drepast \u00fev\u00ed vi\u00f0 vorum b\u00fanir a\u00f0 tapa fyrstu tveimur leikjunum.\u00a0 Vi\u00f0 [&hellip;]<\/p>","protected":false},"author":4,"featured_media":15538,"comment_status":"open","ping_status":"open","sticky":false,"template":"","format":"standard","meta":{"_monsterinsights_skip_tracking":false,"_monsterinsights_sitenote_active":false,"_monsterinsights_sitenote_note":"","_monsterinsights_sitenote_category":0,"_jetpack_memberships_contains_paid_content":false,"footnotes":""},"categories":[6,19],"tags":[],"class_list":["post-15581","post","type-post","status-publish","format-standard","has-post-thumbnail","hentry","category-handbolti","category-mfl-karla"],"jetpack_sharing_enabled":true,"jetpack_featured_media_url":"https:\/\/fram.is\/wp-content\/uploads\/2017\/04\/Viktor-gegn-val-I-vefur.jpg","_links":{"self":[{"href":"https:\/\/fram.is\/is\/wp-json\/wp\/v2\/posts\/15581","targetHints":{"allow":["GET"]}}],"collection":[{"href":"https:\/\/fram.is\/is\/wp-json\/wp\/v2\/posts"}],"about":[{"href":"https:\/\/fram.is\/is\/wp-json\/wp\/v2\/types\/post"}],"author":[{"embeddable":true,"href":"https:\/\/fram.is\/is\/wp-json\/wp\/v2\/users\/4"}],"replies":[{"embeddable":true,"href":"https:\/\/fram.is\/is\/wp-json\/wp\/v2\/comments?post=15581"}],"version-history":[{"count":0,"href":"https:\/\/fram.is\/is\/wp-json\/wp\/v2\/posts\/15581\/revisions"}],"wp:featuredmedia":[{"embeddable":true,"href":"https:\/\/fram.is\/is\/wp-json\/wp\/v2\/media\/15538"}],"wp:attachment":[{"href":"https:\/\/fram.is\/is\/wp-json\/wp\/v2\/media?parent=15581"}],"wp:term":[{"taxonomy":"category","embeddable":true,"href":"https:\/\/fram.is\/is\/wp-json\/wp\/v2\/categories?post=15581"},{"taxonomy":"post_tag","embeddable":true,"href":"https:\/\/fram.is\/is\/wp-json\/wp\/v2\/tags?post=15581"}],"curies":[{"name":"wp","href":"https:\/\/api.w.org\/{rel}","templated":true}]}}