{"id":15686,"date":"2017-05-16T10:22:41","date_gmt":"2017-05-16T10:22:41","guid":{"rendered":"http:\/\/fram.is\/?p=15686"},"modified":"2017-05-16T10:22:41","modified_gmt":"2017-05-16T10:22:41","slug":"thorsteinn-gauti-og-thorgeir-bjarki-framlengja-vid-fram","status":"publish","type":"post","link":"https:\/\/fram.is\/is\/2017\/05\/16\/thorsteinn-gauti-og-thorgeir-bjarki-framlengja-vid-fram\/","title":{"rendered":"\u00deorsteinn Gauti og \u00deorgeir Bjarki framlengja vi\u00f0 FRAM"},"content":{"rendered":"<p><a href=\"http:\/\/fram.is\/is\/?attachment_id=15687\"><img fetchpriority=\"high\" decoding=\"async\" class=\"alignright size-medium wp-image-15687\" src=\"http:\/\/fram.is\/wp-content\/uploads\/2017\/05\/\u00deorsteinn-Gauti-undirskrift-n\u00fdtt.--300x261.jpg\" alt=\"\" width=\"300\" height=\"261\" \/><\/a><a href=\"http:\/\/fram.is\/is\/?attachment_id=15688\"><img decoding=\"async\" class=\"alignright size-medium wp-image-15688\" src=\"http:\/\/fram.is\/wp-content\/uploads\/2017\/05\/\u00deorgeir-undirskrift.n\u00fdtt-261x300.jpg\" alt=\"\" width=\"261\" height=\"300\" \/><\/a>Handknattleiksdeild FRAM hefur framlengt samninga s\u00edna vi\u00f0 \u00fe\u00e1 \u00deorgeir Bjarki Dav\u00ed\u00f0sson og \u00deorsteinn Gauta Hj\u00e1lmarsson. Samningar \u00feeirra beggja voru framlengdir til \u00e1rsins 2019 sem er gr\u00ed\u00f0arlega mikilv\u00e6gt fyrir f\u00e9lagi\u00f0. B\u00e6\u00f0i Gauti og \u00deorgeir l\u00e9ku vel \u00ed vetur og hafa b\u00e6tt sig gr\u00ed\u00f0arlega og eru \u00ed dag m\u00e1ttarst\u00f3lpar \u00ed meistaraflokksli\u00f0i FRAM \u00fer\u00e1tt fyrir ungan aldur.<br \/>\n\u00deorsteinn Gauti spila\u00f0i 38 leiki me\u00f0 meistaraflokknum \u00ed vetur og skora\u00f0i 163 m\u00f6rk fyrir li\u00f0i\u00f0.<br \/>\n\u00deorgeir Bjarki spila\u00f0i alla leiki li\u00f0sins\u00a0 \u00ed vetur e\u00f0a 40 talsins og ger\u00f0i \u00ed \u00feeim \u00a0138 m\u00f6rk.<br \/>\n\u00fea\u00f0 ver\u00f0ur \u00fev\u00ed spennandi a\u00f0 fylgjast me\u00f0 Gauta og \u00deorgeir \u00e1 komandi \u00e1rum.<\/p>\n<p>Handknattleiksdeild FRAM<\/p>","protected":false},"excerpt":{"rendered":"<p>Handknattleiksdeild FRAM hefur framlengt samninga s\u00edna vi\u00f0 \u00fe\u00e1 \u00deorgeir Bjarki Dav\u00ed\u00f0sson og \u00deorsteinn Gauta Hj\u00e1lmarsson. Samningar \u00feeirra beggja voru framlengdir til \u00e1rsins 2019 sem er gr\u00ed\u00f0arlega mikilv\u00e6gt fyrir f\u00e9lagi\u00f0. B\u00e6\u00f0i [&hellip;]<\/p>","protected":false},"author":4,"featured_media":15076,"comment_status":"open","ping_status":"open","sticky":false,"template":"","format":"standard","meta":{"_monsterinsights_skip_tracking":false,"_monsterinsights_sitenote_active":false,"_monsterinsights_sitenote_note":"","_monsterinsights_sitenote_category":0,"_jetpack_memberships_contains_paid_content":false,"footnotes":""},"categories":[6,19],"tags":[],"class_list":["post-15686","post","type-post","status-publish","format-standard","has-post-thumbnail","hentry","category-handbolti","category-mfl-karla"],"jetpack_sharing_enabled":true,"jetpack_featured_media_url":"https:\/\/fram.is\/wp-content\/uploads\/2017\/02\/Dav\u00ed\u00f0sson-geng-haukum-vefur.jpg","_links":{"self":[{"href":"https:\/\/fram.is\/is\/wp-json\/wp\/v2\/posts\/15686","targetHints":{"allow":["GET"]}}],"collection":[{"href":"https:\/\/fram.is\/is\/wp-json\/wp\/v2\/posts"}],"about":[{"href":"https:\/\/fram.is\/is\/wp-json\/wp\/v2\/types\/post"}],"author":[{"embeddable":true,"href":"https:\/\/fram.is\/is\/wp-json\/wp\/v2\/users\/4"}],"replies":[{"embeddable":true,"href":"https:\/\/fram.is\/is\/wp-json\/wp\/v2\/comments?post=15686"}],"version-history":[{"count":0,"href":"https:\/\/fram.is\/is\/wp-json\/wp\/v2\/posts\/15686\/revisions"}],"wp:featuredmedia":[{"embeddable":true,"href":"https:\/\/fram.is\/is\/wp-json\/wp\/v2\/media\/15076"}],"wp:attachment":[{"href":"https:\/\/fram.is\/is\/wp-json\/wp\/v2\/media?parent=15686"}],"wp:term":[{"taxonomy":"category","embeddable":true,"href":"https:\/\/fram.is\/is\/wp-json\/wp\/v2\/categories?post=15686"},{"taxonomy":"post_tag","embeddable":true,"href":"https:\/\/fram.is\/is\/wp-json\/wp\/v2\/tags?post=15686"}],"curies":[{"name":"wp","href":"https:\/\/api.w.org\/{rel}","templated":true}]}}