{"id":15722,"date":"2017-05-19T11:48:38","date_gmt":"2017-05-19T11:48:38","guid":{"rendered":"http:\/\/fram.is\/?p=15722"},"modified":"2017-05-19T11:48:38","modified_gmt":"2017-05-19T11:48:38","slug":"thorgeir-og-viktor-gisli-i-aefingahopi-islands-u-21","status":"publish","type":"post","link":"https:\/\/fram.is\/is\/2017\/05\/19\/thorgeir-og-viktor-gisli-i-aefingahopi-islands-u-21\/","title":{"rendered":"\u00deorgeir og Viktor G\u00edsli \u00ed \u00e6fingah\u00f3pi \u00cdslands U-21"},"content":{"rendered":"<p><a href=\"http:\/\/fram.is\/is\/2017\/05\/viktor-gisli-valinn-i-aefingahop-islands-u19\/viktor-gisli-2\/\"><img fetchpriority=\"high\" decoding=\"async\" class=\"alignright size-medium wp-image-15679\" src=\"http:\/\/fram.is\/wp-content\/uploads\/2017\/05\/Viktor-G\u00edsli-300x300.jpg\" alt=\"\" width=\"300\" height=\"300\" \/><\/a><a href=\"http:\/\/fram.is\/is\/?attachment_id=15723\"><img decoding=\"async\" class=\"alignright size-medium wp-image-15723\" src=\"http:\/\/fram.is\/wp-content\/uploads\/2017\/05\/\u00deorgeir-300x300.jpg\" alt=\"\" width=\"300\" height=\"300\" \/><\/a>Sigursteinn Arndal og \u00d3lafur Stef\u00e1nsson landsli\u00f0s\u00fej\u00e1lfarar \u00cdslands U-21 hafa vali\u00f0 23 leikmenn til undirb\u00fanings fyrir HM U-21 \u00e1rs li\u00f0a sem fram fer \u00ed Als\u00edr um mi\u00f0jan j\u00fal\u00ed.\u00a0 Li\u00f0i\u00f0 fer til Frakklands \u00ed byrjun j\u00fal\u00ed til frekari undirb\u00fanings \u00fear sem li\u00f0i\u00f0 mun leika \u00a0nokkra vin\u00e1ttulandsleiki.<br \/>\nVi\u00f0 FRAMarar erum stoltir af \u00fev\u00ed a\u00f0 eiga tvo fulltr\u00faa \u00ed \u00feessum \u00e6fingah\u00f3pi en \u00feeir sem voru valdir fr\u00e1 FRAM a\u00f0 \u00feessu sinni eru:<\/p>\n<p>Viktor G\u00edsli Hallgr\u00edmsson\u00a0\u00a0\u00a0\u00a0\u00a0\u00a0\u00a0\u00a0\u00a0\u00a0\u00a0\u00a0\u00a0\u00a0\u00a0\u00a0\u00a0\u00a0\u00a0\u00a0\u00a0\u00a0\u00a0\u00a0\u00a0\u00a0\u00a0\u00a0\u00a0 Fram<br \/>\n\u00deorgeir Bjarki Dav\u00ed\u00f0sson\u00a0\u00a0\u00a0\u00a0\u00a0\u00a0\u00a0\u00a0\u00a0\u00a0\u00a0\u00a0\u00a0\u00a0\u00a0\u00a0\u00a0\u00a0\u00a0\u00a0\u00a0\u00a0\u00a0\u00a0\u00a0\u00a0\u00a0\u00a0\u00a0 Fram<\/p>\n<p>Gangi ykkur vel drengir.<\/p>\n<p>\u00c1FRAM FRAM<\/p>","protected":false},"excerpt":{"rendered":"<p>Sigursteinn Arndal og \u00d3lafur Stef\u00e1nsson landsli\u00f0s\u00fej\u00e1lfarar \u00cdslands U-21 hafa vali\u00f0 23 leikmenn til undirb\u00fanings fyrir HM U-21 \u00e1rs li\u00f0a sem fram fer \u00ed Als\u00edr um mi\u00f0jan j\u00fal\u00ed.\u00a0 Li\u00f0i\u00f0 fer til [&hellip;]<\/p>","protected":false},"author":4,"featured_media":15076,"comment_status":"open","ping_status":"open","sticky":false,"template":"","format":"standard","meta":{"_monsterinsights_skip_tracking":false,"_monsterinsights_sitenote_active":false,"_monsterinsights_sitenote_note":"","_monsterinsights_sitenote_category":0,"_jetpack_memberships_contains_paid_content":false,"footnotes":""},"categories":[7,6,19],"tags":[],"class_list":["post-15722","post","type-post","status-publish","format-standard","has-post-thumbnail","hentry","category-yngri-flokkar","category-handbolti","category-mfl-karla"],"jetpack_sharing_enabled":true,"jetpack_featured_media_url":"https:\/\/fram.is\/wp-content\/uploads\/2017\/02\/Dav\u00ed\u00f0sson-geng-haukum-vefur.jpg","_links":{"self":[{"href":"https:\/\/fram.is\/is\/wp-json\/wp\/v2\/posts\/15722","targetHints":{"allow":["GET"]}}],"collection":[{"href":"https:\/\/fram.is\/is\/wp-json\/wp\/v2\/posts"}],"about":[{"href":"https:\/\/fram.is\/is\/wp-json\/wp\/v2\/types\/post"}],"author":[{"embeddable":true,"href":"https:\/\/fram.is\/is\/wp-json\/wp\/v2\/users\/4"}],"replies":[{"embeddable":true,"href":"https:\/\/fram.is\/is\/wp-json\/wp\/v2\/comments?post=15722"}],"version-history":[{"count":0,"href":"https:\/\/fram.is\/is\/wp-json\/wp\/v2\/posts\/15722\/revisions"}],"wp:featuredmedia":[{"embeddable":true,"href":"https:\/\/fram.is\/is\/wp-json\/wp\/v2\/media\/15076"}],"wp:attachment":[{"href":"https:\/\/fram.is\/is\/wp-json\/wp\/v2\/media?parent=15722"}],"wp:term":[{"taxonomy":"category","embeddable":true,"href":"https:\/\/fram.is\/is\/wp-json\/wp\/v2\/categories?post=15722"},{"taxonomy":"post_tag","embeddable":true,"href":"https:\/\/fram.is\/is\/wp-json\/wp\/v2\/tags?post=15722"}],"curies":[{"name":"wp","href":"https:\/\/api.w.org\/{rel}","templated":true}]}}