{"id":15725,"date":"2017-05-19T14:46:45","date_gmt":"2017-05-19T14:46:45","guid":{"rendered":"http:\/\/fram.is\/?p=15725"},"modified":"2017-05-19T14:46:45","modified_gmt":"2017-05-19T14:46:45","slug":"tveir-fra-fram-i-landslidshopi-islands-u17-2","status":"publish","type":"post","link":"https:\/\/fram.is\/is\/2017\/05\/19\/tveir-fra-fram-i-landslidshopi-islands-u17-2\/","title":{"rendered":"Tveir fr\u00e1 FRAM \u00ed landsli\u00f0sh\u00f3pi \u00cdslands U17"},"content":{"rendered":"<p><a href=\"http:\/\/fram.is\/is\/2016\/03\/12772\/oli-og-viktor-2\/\"><img fetchpriority=\"high\" decoding=\"async\" class=\"alignright size-medium wp-image-12773\" src=\"http:\/\/fram.is\/wp-content\/uploads\/2016\/03\/Oli-og-Viktor-300x261.jpg\" alt=\"\" width=\"300\" height=\"261\" \/><\/a>Heimir R\u00edkar\u00f0sson landsli\u00f0s\u00fej\u00e1lfari \u00cdslands U17 hefur vali\u00f0 \u00e6fingah\u00f3p fyrir U-17 \u00e1ra landsli\u00f0 karla en li\u00f0i\u00f0 \u00e6fir helgina 24 &#8211; 26. ma\u00ed.\u00a0 Li\u00f0i\u00f0 tekur \u00fe\u00e1tt \u00ed tveimur m\u00f3tum \u00ed sumar, European Open \u00ed Sv\u00ed\u00fej\u00f3\u00f0 \u00ed byrjun j\u00fal\u00ed og \u00d3lymp\u00eduh\u00e1ti\u00f0 Evr\u00f3pu\u00e6skunnar \u00ed lok j\u00fal\u00ed. \u00a0Sitthvor h\u00f3purinn ver\u00f0ur sendur \u00e1 m\u00f3tin me\u00f0 von um a\u00f0 skapa sem mesta breidd \u00ed aldursh\u00f3pnum.<br \/>\nVi\u00f0 FRAMarar erum stoltir af \u00fev\u00ed a\u00f0 eiga tvo leikmenn \u00ed \u00feessum \u00e6fingah\u00f3pi en \u00feeir sem voru valdir fr\u00e1 FRAM a\u00f0 \u00feessu sinni eru:<\/p>\n<p>\u00d3lafur Haukur J\u00fal\u00edusson\u00a0\u00a0\u00a0\u00a0\u00a0\u00a0\u00a0\u00a0\u00a0\u00a0\u00a0\u00a0\u00a0\u00a0\u00a0\u00a0\u00a0\u00a0\u00a0\u00a0\u00a0\u00a0\u00a0\u00a0\u00a0\u00a0\u00a0\u00a0\u00a0\u00a0 Fram<br \/>\nViktor G\u00edsli Hallgr\u00edmsson\u00a0\u00a0\u00a0\u00a0\u00a0\u00a0\u00a0\u00a0\u00a0\u00a0\u00a0\u00a0\u00a0\u00a0\u00a0\u00a0\u00a0\u00a0\u00a0\u00a0\u00a0\u00a0\u00a0\u00a0\u00a0\u00a0\u00a0\u00a0\u00a0 Fram<\/p>\n<p>Gangi ykkur vel.<\/p>\n<p>\u00c1FRAM FRAM<\/p>\n<p>&nbsp;<\/p>","protected":false},"excerpt":{"rendered":"<p>Heimir R\u00edkar\u00f0sson landsli\u00f0s\u00fej\u00e1lfari \u00cdslands U17 hefur vali\u00f0 \u00e6fingah\u00f3p fyrir U-17 \u00e1ra landsli\u00f0 karla en li\u00f0i\u00f0 \u00e6fir helgina 24 &#8211; 26. ma\u00ed.\u00a0 Li\u00f0i\u00f0 tekur \u00fe\u00e1tt \u00ed tveimur m\u00f3tum \u00ed sumar, European [&hellip;]<\/p>","protected":false},"author":4,"featured_media":15538,"comment_status":"open","ping_status":"open","sticky":false,"template":"","format":"standard","meta":{"_monsterinsights_skip_tracking":false,"_monsterinsights_sitenote_active":false,"_monsterinsights_sitenote_note":"","_monsterinsights_sitenote_category":0,"_jetpack_memberships_contains_paid_content":false,"footnotes":""},"categories":[1],"tags":[],"class_list":["post-15725","post","type-post","status-publish","format-standard","has-post-thumbnail","hentry","category-uncategorized"],"jetpack_sharing_enabled":true,"jetpack_featured_media_url":"https:\/\/fram.is\/wp-content\/uploads\/2017\/04\/Viktor-gegn-val-I-vefur.jpg","_links":{"self":[{"href":"https:\/\/fram.is\/is\/wp-json\/wp\/v2\/posts\/15725","targetHints":{"allow":["GET"]}}],"collection":[{"href":"https:\/\/fram.is\/is\/wp-json\/wp\/v2\/posts"}],"about":[{"href":"https:\/\/fram.is\/is\/wp-json\/wp\/v2\/types\/post"}],"author":[{"embeddable":true,"href":"https:\/\/fram.is\/is\/wp-json\/wp\/v2\/users\/4"}],"replies":[{"embeddable":true,"href":"https:\/\/fram.is\/is\/wp-json\/wp\/v2\/comments?post=15725"}],"version-history":[{"count":0,"href":"https:\/\/fram.is\/is\/wp-json\/wp\/v2\/posts\/15725\/revisions"}],"wp:featuredmedia":[{"embeddable":true,"href":"https:\/\/fram.is\/is\/wp-json\/wp\/v2\/media\/15538"}],"wp:attachment":[{"href":"https:\/\/fram.is\/is\/wp-json\/wp\/v2\/media?parent=15725"}],"wp:term":[{"taxonomy":"category","embeddable":true,"href":"https:\/\/fram.is\/is\/wp-json\/wp\/v2\/categories?post=15725"},{"taxonomy":"post_tag","embeddable":true,"href":"https:\/\/fram.is\/is\/wp-json\/wp\/v2\/tags?post=15725"}],"curies":[{"name":"wp","href":"https:\/\/api.w.org\/{rel}","templated":true}]}}