{"id":15825,"date":"2017-06-08T22:37:55","date_gmt":"2017-06-08T22:37:55","guid":{"rendered":"http:\/\/fram.is\/?p=15825"},"modified":"2017-06-08T22:37:55","modified_gmt":"2017-06-08T22:37:55","slug":"karen-kominn-heim","status":"publish","type":"post","link":"https:\/\/fram.is\/is\/2017\/06\/08\/karen-kominn-heim\/","title":{"rendered":"Karen kominn heim"},"content":{"rendered":"<p><strong><a href=\"http:\/\/fram.is\/is\/?attachment_id=15826\"><img fetchpriority=\"high\" decoding=\"async\" class=\"alignright size-medium wp-image-15826\" src=\"http:\/\/fram.is\/wp-content\/uploads\/2017\/06\/Karen-300x200.jpg\" alt=\"\" width=\"300\" height=\"200\" \/><\/a>Handknattleiksdeild Fram er s\u00e9rst\u00f6k \u00e1n\u00e6gja a\u00f0 geta tilkynnt um a\u00f0 gengi\u00f0 hefur veri\u00f0 fr\u00e1 samningi vi\u00f0 Karen Kn\u00fatsd\u00f3ttir um a\u00f0 leika me\u00f0 Fram.<\/strong><\/p>\n<p><strong>Samningurinn er til \u00feriggja \u00e1ra og \u00fev\u00ed lj\u00f3st a\u00f0 Karen er kominn heim.\u00a0 \u00dea\u00f0 \u00fearf ekki a\u00f0 fj\u00f6lyr\u00f0a um \u00fea\u00f0 hv\u00edl\u00edkur li\u00f0sstyrkur \u00fea\u00f0 er fyrir Fram a\u00f0 f\u00e1 Karen til li\u00f0s vi\u00f0 sig \u00ed bar\u00e1ttunni um a\u00f0 halda \u00cdslandsmeistarabikarnum \u00e1fram \u00ed Safam\u00fdrinni.<\/strong><\/p>\n<p><strong>\u00dea\u00f0 \u00fearf ekki a\u00f0 kynna Karen fyrir Fram enda Framari \u00ed h\u00fa\u00f0 og h\u00e1r.\u00a0 Karen l\u00e9k s\u00ed\u00f0ast me\u00f0 Fram veturinn 2010 \u2013 2011.\u00a0 En h\u00e9lt \u00fe\u00e1 til \u00de\u00fdskalands og gekk til li\u00f0s vi\u00f0 Blomberg\/Lippe.\u00a0 Eftir \u00fea\u00f0 spila\u00f0i h\u00fan me\u00f0 S\u00f6nderjyskE \u00ed Danm\u00f6rku og n\u00fana s\u00ed\u00f0ustu \u00e1r veri\u00f0 hj\u00e1 Nice \u00ed Frakklandi.<\/strong><\/p>\n<p><strong>Karen hefur \u00e1tt fast s\u00e6ti \u00ed \u00cdslenska landsli\u00f0inu og veri\u00f0 fyrirli\u00f0i \u00feess undanfarin \u00e1r.<\/strong><\/p>\n<p><strong>\u00deessi samningur er gott skref \u00ed \u00fe\u00e1 \u00e1tt a\u00f0 halda Fram \u00e1fram \u00ed fremstu r\u00f6\u00f0 \u00ed \u00edslenskum kvennahandbolta.<\/strong><\/p>\n<p><strong>\u00a0<\/strong><strong>Velkomin heim Karen.<\/strong><\/p>\n<p><strong>\u00a0<\/strong><strong>\u00c1fram Fram<\/strong><\/p>","protected":false},"excerpt":{"rendered":"<p>Handknattleiksdeild Fram er s\u00e9rst\u00f6k \u00e1n\u00e6gja a\u00f0 geta tilkynnt um a\u00f0 gengi\u00f0 hefur veri\u00f0 fr\u00e1 samningi vi\u00f0 Karen Kn\u00fatsd\u00f3ttir um a\u00f0 leika me\u00f0 Fram. Samningurinn er til \u00feriggja \u00e1ra og \u00fev\u00ed [&hellip;]<\/p>","protected":false},"author":4,"featured_media":15830,"comment_status":"open","ping_status":"open","sticky":false,"template":"","format":"standard","meta":{"_monsterinsights_skip_tracking":false,"_monsterinsights_sitenote_active":false,"_monsterinsights_sitenote_note":"","_monsterinsights_sitenote_category":0,"_jetpack_memberships_contains_paid_content":false,"footnotes":""},"categories":[6,15],"tags":[],"class_list":["post-15825","post","type-post","status-publish","format-standard","has-post-thumbnail","hentry","category-handbolti","category-mfl-kvenna"],"jetpack_sharing_enabled":true,"jetpack_featured_media_url":"https:\/\/fram.is\/wp-content\/uploads\/2017\/06\/Karen-vefur-scaled.jpg","_links":{"self":[{"href":"https:\/\/fram.is\/is\/wp-json\/wp\/v2\/posts\/15825","targetHints":{"allow":["GET"]}}],"collection":[{"href":"https:\/\/fram.is\/is\/wp-json\/wp\/v2\/posts"}],"about":[{"href":"https:\/\/fram.is\/is\/wp-json\/wp\/v2\/types\/post"}],"author":[{"embeddable":true,"href":"https:\/\/fram.is\/is\/wp-json\/wp\/v2\/users\/4"}],"replies":[{"embeddable":true,"href":"https:\/\/fram.is\/is\/wp-json\/wp\/v2\/comments?post=15825"}],"version-history":[{"count":0,"href":"https:\/\/fram.is\/is\/wp-json\/wp\/v2\/posts\/15825\/revisions"}],"wp:featuredmedia":[{"embeddable":true,"href":"https:\/\/fram.is\/is\/wp-json\/wp\/v2\/media\/15830"}],"wp:attachment":[{"href":"https:\/\/fram.is\/is\/wp-json\/wp\/v2\/media?parent=15825"}],"wp:term":[{"taxonomy":"category","embeddable":true,"href":"https:\/\/fram.is\/is\/wp-json\/wp\/v2\/categories?post=15825"},{"taxonomy":"post_tag","embeddable":true,"href":"https:\/\/fram.is\/is\/wp-json\/wp\/v2\/tags?post=15825"}],"curies":[{"name":"wp","href":"https:\/\/api.w.org\/{rel}","templated":true}]}}