{"id":15835,"date":"2017-06-09T14:14:12","date_gmt":"2017-06-09T14:14:12","guid":{"rendered":"http:\/\/fram.is\/?p=15835"},"modified":"2017-06-09T14:14:12","modified_gmt":"2017-06-09T14:14:12","slug":"heidrun-dis-magnusdottir-framlengir-vid-fram","status":"publish","type":"post","link":"https:\/\/fram.is\/is\/2017\/06\/09\/heidrun-dis-magnusdottir-framlengir-vid-fram\/","title":{"rendered":"Hei\u00f0r\u00fan D\u00eds Magn\u00fasd\u00f3ttir framlengir vi\u00f0 FRAM"},"content":{"rendered":"<p><strong><a href=\"http:\/\/fram.is\/is\/?attachment_id=15836\"><img fetchpriority=\"high\" decoding=\"async\" class=\"alignright size-medium wp-image-15836\" src=\"http:\/\/fram.is\/wp-content\/uploads\/2017\/06\/IMG_5472-300x200.jpg\" alt=\"\" width=\"300\" height=\"200\" \/><\/a>Handknattleiksdeild Fram hefur gengi\u00f0 fr\u00e1 n\u00fdjum samningi vi\u00f0 Hei\u00f0r\u00fanu D\u00eds Magn\u00fasd\u00f3ttur markmann.<br \/>\n<\/strong><strong>Hei\u00f0r\u00fan er f\u00e6dd \u00ed okt\u00f3ber 1999 og ver\u00f0ur \u00fev\u00ed 18 \u00e1ra \u00ed haust.<\/strong><\/p>\n<p><strong>\u00a0<\/strong><strong>Hei\u00f0r\u00fan er uppalin \u00ed Fram og hefur spila\u00f0 \u00fear allan sinn feril \u00ed yngriflokkum f\u00e9lagsins.\u00a0 H\u00fan spila\u00f0i mj\u00f6g vel me\u00f0 3. flokki kvenna s.l. vetur og var\u00f0 me\u00f0al annars bikarmeistari me\u00f0 li\u00f0inu \u00ed febr\u00faar.<\/strong><\/p>\n<p><strong>\u00a0<\/strong><strong>Hei\u00f0r\u00fan hefur \u00e1tt s\u00e6ti \u00ed yngri landsli\u00f0um \u00cdslands og var fyrir sk\u00f6mmu valinn \u00ed \u00e6fingah\u00f3p fyrir U-19 \u00e1ra landsli\u00f0i\u00f0 sem tekur \u00fe\u00e1tt \u00ed Scandinavian OPEN \u00ed sumar.<\/strong><\/p>\n<p><strong>\u00a0<\/strong><strong>Samningur Fram og Hei\u00f0r\u00fanar er til tveggja \u00e1ra.<\/strong><\/p>\n<p><strong>\u00a0<\/strong><strong>\u00dea\u00f0 er Handknattleiksdeild Fram s\u00e9rstakt \u00e1n\u00e6gju efni a\u00f0 hafa gengi\u00f0 fr\u00e1 n\u00fdjum samningi vi\u00f0 Hei\u00f0r\u00fanu.<\/strong><\/p>\n<p><strong>\u00a0<\/strong><strong>\u00c1fram Fram <\/strong><\/p>","protected":false},"excerpt":{"rendered":"<p>Handknattleiksdeild Fram hefur gengi\u00f0 fr\u00e1 n\u00fdjum samningi vi\u00f0 Hei\u00f0r\u00fanu D\u00eds Magn\u00fasd\u00f3ttur markmann. Hei\u00f0r\u00fan er f\u00e6dd \u00ed okt\u00f3ber 1999 og ver\u00f0ur \u00fev\u00ed 18 \u00e1ra \u00ed haust. \u00a0Hei\u00f0r\u00fan er uppalin \u00ed Fram [&hellip;]<\/p>","protected":false},"author":4,"featured_media":15837,"comment_status":"open","ping_status":"open","sticky":false,"template":"","format":"standard","meta":{"_monsterinsights_skip_tracking":false,"_monsterinsights_sitenote_active":false,"_monsterinsights_sitenote_note":"","_monsterinsights_sitenote_category":0,"_jetpack_memberships_contains_paid_content":false,"footnotes":""},"categories":[7,6,15],"tags":[],"class_list":["post-15835","post","type-post","status-publish","format-standard","has-post-thumbnail","hentry","category-yngri-flokkar","category-handbolti","category-mfl-kvenna"],"jetpack_sharing_enabled":true,"jetpack_featured_media_url":"https:\/\/fram.is\/wp-content\/uploads\/2017\/06\/hei\u00f0r\u00fan-D\u00eds-framlegnir-vi\u00f0-FRAM-scaled.jpg","_links":{"self":[{"href":"https:\/\/fram.is\/is\/wp-json\/wp\/v2\/posts\/15835","targetHints":{"allow":["GET"]}}],"collection":[{"href":"https:\/\/fram.is\/is\/wp-json\/wp\/v2\/posts"}],"about":[{"href":"https:\/\/fram.is\/is\/wp-json\/wp\/v2\/types\/post"}],"author":[{"embeddable":true,"href":"https:\/\/fram.is\/is\/wp-json\/wp\/v2\/users\/4"}],"replies":[{"embeddable":true,"href":"https:\/\/fram.is\/is\/wp-json\/wp\/v2\/comments?post=15835"}],"version-history":[{"count":0,"href":"https:\/\/fram.is\/is\/wp-json\/wp\/v2\/posts\/15835\/revisions"}],"wp:featuredmedia":[{"embeddable":true,"href":"https:\/\/fram.is\/is\/wp-json\/wp\/v2\/media\/15837"}],"wp:attachment":[{"href":"https:\/\/fram.is\/is\/wp-json\/wp\/v2\/media?parent=15835"}],"wp:term":[{"taxonomy":"category","embeddable":true,"href":"https:\/\/fram.is\/is\/wp-json\/wp\/v2\/categories?post=15835"},{"taxonomy":"post_tag","embeddable":true,"href":"https:\/\/fram.is\/is\/wp-json\/wp\/v2\/tags?post=15835"}],"curies":[{"name":"wp","href":"https:\/\/api.w.org\/{rel}","templated":true}]}}