{"id":15932,"date":"2017-07-03T10:05:43","date_gmt":"2017-07-03T10:05:43","guid":{"rendered":"http:\/\/fram.is\/?p=15932"},"modified":"2017-07-03T10:05:43","modified_gmt":"2017-07-03T10:05:43","slug":"gudmundur-jonsson-heidursfelagi-fram-er-latinn","status":"publish","type":"post","link":"https:\/\/fram.is\/is\/2017\/07\/03\/gudmundur-jonsson-heidursfelagi-fram-er-latinn\/","title":{"rendered":"Gu\u00f0mundur J\u00f3nsson hei\u00f0ursf\u00e9lagi Fram er l\u00e1tinn"},"content":{"rendered":"<p><a href=\"http:\/\/fram.is\/is\/?attachment_id=15933\"><img decoding=\"async\" class=\"alignright size-medium wp-image-15933\" src=\"http:\/\/fram.is\/wp-content\/uploads\/2017\/07\/Fram-Gu\u00f0mundur-J\u00f3nsson-\u00fej\u00e1lfari0001-002-142x300.jpg\" alt=\"\" width=\"142\" height=\"300\" \/><\/a><a href=\"http:\/\/fram.is\/is\/?attachment_id=15935\"><img fetchpriority=\"high\" decoding=\"async\" class=\"alignright size-medium wp-image-15935\" src=\"http:\/\/fram.is\/wp-content\/uploads\/2017\/07\/Gu\u00f0mundur-J\u00f3nsson-hei\u00f0ursf\u00e9lagi-261x300.jpg\" alt=\"\" width=\"261\" height=\"300\" \/><\/a>Gu\u00f0mundur J\u00f3nsson, hei\u00f0ursf\u00e9lagi Knattspyrnuf\u00e9lagsins Fram, l\u00e9st f\u00f6studaginn 23. j\u00fan\u00ed 2017, 87 \u00e1ra. Mummi, eins og Gu\u00f0mundur var kalla\u00f0ur, f\u00e6ddist 20. j\u00fan\u00ed 1930, var f\u00e6ddur og uppalinn Framari \u2013 var skrifa\u00f0ur inn \u00ed Fram 1932, tveggja \u00e1ra, af f\u00f6\u00f0ur s\u00ednum J\u00f3ni Gu\u00f0j\u00f3nssyni, sem starfa\u00f0i lengi fyrir Fram og var\u00f0 hei\u00f0ursf\u00e9lagi.<\/p>\n<p>Gu\u00f0mundur f\u00f3r til \u00de\u00fdskalands \u00ed byrjun \u00e1rs 1951 og var um t\u00edma \u00ed knattspyrnusk\u00f3la \u00fe\u00fdska knattspyrnusambandsins \u00ed Koblenz. Hann var leikma\u00f0ur meistaraflokks Fram \u00fear til hann lag\u00f0i sk\u00f3na \u00e1 hilluna vegna mei\u00f0sla \u00ed baki 1954.<\/p>\n<p>Mummi, sem marka\u00f0i dj\u00fap spor \u00ed s\u00f6gu Fram, var\u00f0 lei\u00f0beinandi og lei\u00f0togi yngri flokka f\u00e9lagsins 1956, 25 \u00e1ra. Undir stj\u00f3rn hans ur\u00f0u yngri flokkar Fram n\u00e6r \u00f3sigrandi \u00ed m\u00f6rg \u00e1r.<\/p>\n<p>Samhli\u00f0a allri \u00fej\u00e1lfun s\u00e1 Mummi um h\u00fasv\u00f6rslu \u00ed Framheimilinu vi\u00f0 Skipholt og vi\u00f0 hli\u00f0 hans st\u00f3\u00f0 Gu\u00f0r\u00fan J\u00f3hannesd\u00f3ttur, eiginkona hans, sem var h\u00e6str\u00e1\u00f0andi innan veggja heimilisins.<\/p>\n<p>Mummi byrja\u00f0i a\u00f0 \u00fej\u00e1lfa meistaraflokk Fram 1962 og var\u00f0 flokkurinn \u00cdslandsmeistari sama \u00e1r. Mummi t\u00f3k s\u00e9r fr\u00ed fr\u00e1 \u00fej\u00e1lfun meistaraflokks 1964, en kom aftur 1970 og ger\u00f0i Fram strax a\u00f0 bikarmeisturum og s\u00ed\u00f0an a\u00f0 \u00cdslandsmeisturum 1972.<\/p>\n<p>Gu\u00f0mundur var ger\u00f0ur hei\u00f0ursf\u00e9lagi Knattspyrnuf\u00e9lagsins Fram \u00ed 100 \u00e1ra afm\u00e6lish\u00e1t\u00ed\u00f0 f\u00e9lagsins 2008. \u00c1\u00f0ur haf\u00f0i Gu\u00f0mundur veri\u00f0 ger\u00f0ur a\u00f0 hei\u00f0ursf\u00e9laga\/Hei\u00f0urskross KS\u00cd 2007.<\/p>\n<p>Fram \u00feakkar Gu\u00f0mundi fyrir vin\u00e1ttu og mikil og g\u00f3\u00f0 st\u00f6rf fyrir f\u00e9lagi\u00f0.<\/p>\n<p>Eiginkonu hans Gu\u00f0r\u00fanu J\u00f3hannesd\u00f3ttur og fj\u00f6lskyldu eru sendar innilegar sam\u00fa\u00f0arkve\u00f0jur.<\/p>\n<p>Knattspyrnuf\u00e9lagi\u00f0 FRAM<\/p>","protected":false},"excerpt":{"rendered":"<p>Gu\u00f0mundur J\u00f3nsson, hei\u00f0ursf\u00e9lagi Knattspyrnuf\u00e9lagsins Fram, l\u00e9st f\u00f6studaginn 23. j\u00fan\u00ed 2017, 87 \u00e1ra. Mummi, eins og Gu\u00f0mundur var kalla\u00f0ur, f\u00e6ddist 20. j\u00fan\u00ed 1930, var f\u00e6ddur og uppalinn Framari \u2013 var skrifa\u00f0ur [&hellip;]<\/p>","protected":false},"author":4,"featured_media":15934,"comment_status":"open","ping_status":"open","sticky":false,"template":"","format":"standard","meta":{"_monsterinsights_skip_tracking":false,"_monsterinsights_sitenote_active":false,"_monsterinsights_sitenote_note":"","_monsterinsights_sitenote_category":0,"_jetpack_memberships_contains_paid_content":false,"footnotes":""},"categories":[8,10],"tags":[],"class_list":["post-15932","post","type-post","status-publish","format-standard","has-post-thumbnail","hentry","category-adalstjorn","category-frettir"],"jetpack_sharing_enabled":true,"jetpack_featured_media_url":"https:\/\/fram.is\/wp-content\/uploads\/2017\/07\/Gu\u00f0mundur-J\u00f3nsson-vefur.jpg","_links":{"self":[{"href":"https:\/\/fram.is\/is\/wp-json\/wp\/v2\/posts\/15932","targetHints":{"allow":["GET"]}}],"collection":[{"href":"https:\/\/fram.is\/is\/wp-json\/wp\/v2\/posts"}],"about":[{"href":"https:\/\/fram.is\/is\/wp-json\/wp\/v2\/types\/post"}],"author":[{"embeddable":true,"href":"https:\/\/fram.is\/is\/wp-json\/wp\/v2\/users\/4"}],"replies":[{"embeddable":true,"href":"https:\/\/fram.is\/is\/wp-json\/wp\/v2\/comments?post=15932"}],"version-history":[{"count":0,"href":"https:\/\/fram.is\/is\/wp-json\/wp\/v2\/posts\/15932\/revisions"}],"wp:featuredmedia":[{"embeddable":true,"href":"https:\/\/fram.is\/is\/wp-json\/wp\/v2\/media\/15934"}],"wp:attachment":[{"href":"https:\/\/fram.is\/is\/wp-json\/wp\/v2\/media?parent=15932"}],"wp:term":[{"taxonomy":"category","embeddable":true,"href":"https:\/\/fram.is\/is\/wp-json\/wp\/v2\/categories?post=15932"},{"taxonomy":"post_tag","embeddable":true,"href":"https:\/\/fram.is\/is\/wp-json\/wp\/v2\/tags?post=15932"}],"curies":[{"name":"wp","href":"https:\/\/api.w.org\/{rel}","templated":true}]}}