{"id":15937,"date":"2017-07-03T12:11:27","date_gmt":"2017-07-03T12:11:27","guid":{"rendered":"http:\/\/fram.is\/?p=15937"},"modified":"2017-07-03T12:11:27","modified_gmt":"2017-07-03T12:11:27","slug":"pedro-hipolito-radinn-thjalfari-fram","status":"publish","type":"post","link":"https:\/\/fram.is\/is\/2017\/07\/03\/pedro-hipolito-radinn-thjalfari-fram\/","title":{"rendered":"PEDRO HIP\u00d3LITO R\u00c1\u00d0INN \u00deJ\u00c1LFARI FRAM"},"content":{"rendered":"<p><a href=\"http:\/\/fram.is\/is\/2017\/05\/skuffelsi-a-skipaskaga\/fram-haukar-2\/\"><img fetchpriority=\"high\" decoding=\"async\" class=\"alignright size-medium wp-image-15706\" src=\"http:\/\/fram.is\/wp-content\/uploads\/2017\/05\/FRAM-Haukar-300x200.jpg\" alt=\"\" width=\"300\" height=\"200\" \/><\/a>Knattspyrnuf\u00e9lagi\u00f0 FRAM hefur gengi\u00f0 fr\u00e1 r\u00e1\u00f0ningu Port\u00fagalans Pedro Hip\u00f3lito sem \u00fej\u00e1lfara karlali\u00f0s f\u00e9lagsins \u00ed knattspyrnu. Hip\u00f3lito tekur formlega til starfa m\u00e1nudaginn 03. j\u00fal\u00ed nk. en honum til a\u00f0sto\u00f0ar ver\u00f0ur \u00d3lafur Brynj\u00f3lfsson, sem st\u00fdrt hefur li\u00f0inu fr\u00e1 \u00fev\u00ed a\u00f0 sami\u00f0 var um starfslok \u00c1smundar Arnarssonar.<\/p>\n<p>Hip\u00f3lito er me\u00f0 UEFA PRO r\u00e9ttindi og talinn einn allra efnilegasta \u00fej\u00e1lfari Port\u00fagala. Hann er 39 \u00e1ra gamall og l\u00e9k \u00e1 s\u00ednum t\u00edma 52 leiki me\u00f0 unglingalandsli\u00f0um Port\u00fagal og sem leikma\u00f0ur Sport Lisboa e Benfica, Academica og Farense. \u00a0Hip\u00f3lito hefur \u00fej\u00e1lfa\u00f0 \u00ed Port\u00fagal undanfarin \u00e1r, n\u00fa s\u00ed\u00f0ast sem a\u00f0al\u00fej\u00e1lfari Atl\u00e9tico.<\/p>\n<p><em>\u201eVi\u00f0 v\u00e6ntum mikils af Hip\u00f3lito, enda f\u00e6r hann afar g\u00f3\u00f0 me\u00f0m\u00e6li, til d\u00e6mis fr\u00e1 Rui Faria, a\u00f0sto\u00f0ar\u00fej\u00e1lfara Jos\u00e9 Mourinho hj\u00e1 Manchester United, sem sag\u00f0i vi\u00f0 okkur a\u00f0 hann v\u00e6ri einn efnilegasti \u00fej\u00e1lfari Port\u00fagals og miklar vonir v\u00e6ru bundnar vi\u00f0 hann. \u00dea\u00f0 ver\u00f0ur \u00fev\u00ed spennandi a\u00f0 sj\u00e1 handbrag\u00f0 hans \u00e1 afar efnilegu li\u00f0i FRAM,\u201c<\/em> segir Hermann Gu\u00f0mundsson, forma\u00f0ur knattspyrnudeildar FRAM.<\/p>\n<p>Hip\u00f3lito hefur hloti\u00f0 s\u00e9rstakt hr\u00f3s fyrir \u00a0\u201ema\u00f0ur \u00e1 mann\u201c \u00fej\u00e1lfunara\u00f0fer\u00f0ir s\u00ednar, en hann \u00feykir jafnframt hafa mikla yfirs\u00fdn og vill l\u00e1ta li\u00f0 s\u00edn spila skemmtilegan f\u00f3tbolta.\u00a0 Hva\u00f0 \u00feetta var\u00f0ar passa hugsj\u00f3nir hans afar vel saman vi\u00f0 hugsj\u00f3nir FRAM.<\/p>\n<p>\u201e<em>\u00dea\u00f0 var ekki au\u00f0velt a\u00f0 fara \u00ed \u00fej\u00e1lfaraskipti n\u00fdveri\u00f0 en me\u00f0 \u00feann gr\u00ed\u00f0arlega efnivi\u00f0 sem FRAM b\u00fdr yfir n\u00fana fannst okkur r\u00e9tt a\u00f0 breyta til og efla \u00fej\u00e1lfun ungu leikmannanna me\u00f0 \u00fev\u00ed a\u00f0 f\u00e1 \u00fej\u00e1lfara \u00ed fullt starf og Hip\u00f3lito passa\u00f0i vi\u00f0 allt \u00fea\u00f0 sem vi\u00f0 vildum sj\u00e1 \u00ed framt\u00ed\u00f0 FRAM.\u00a0 Eftir a\u00f0 hafa sest ni\u00f0ur me\u00f0 honum og r\u00e6tt vi\u00f0 hann var \u00e1kv\u00f6r\u00f0unin um a\u00f0 r\u00e1\u00f0a hann einf\u00f6ld. Hann er fr\u00e1b\u00e6r kostur fyrir li\u00f0i\u00f0 og vi\u00f0 hl\u00f6kkum miki\u00f0 til a\u00f0 sj\u00e1 li\u00f0i\u00f0 taka framf\u00f6rum undir hans stj\u00f3rn. \u00dea\u00f0 eru skemmtilegir t\u00edmar framundan<\/em>,\u201c segir Hermann.<\/p>\n<p>Fyrsti leikur FRAM undir stj\u00f3rn Hip\u00f3lito ver\u00f0ur gegn Keflav\u00edk \u00e1 Laugardalsvelli fimmtudaginn 05. j\u00fal\u00ed nk.<\/p>\n<p>N\u00e1nari uppl\u00fdsingar:<\/p>\n<p>Forma\u00f0ur knattspyrnudeildar Fram<\/p>\n<p>Hermann Gu\u00f0mundsson 693-4800 \/ <a href=\"mailto:hermann@kemi.is\">hermann@kemi.is<\/a><\/p>","protected":false},"excerpt":{"rendered":"<p>Knattspyrnuf\u00e9lagi\u00f0 FRAM hefur gengi\u00f0 fr\u00e1 r\u00e1\u00f0ningu Port\u00fagalans Pedro Hip\u00f3lito sem \u00fej\u00e1lfara karlali\u00f0s f\u00e9lagsins \u00ed knattspyrnu. Hip\u00f3lito tekur formlega til starfa m\u00e1nudaginn 03. j\u00fal\u00ed nk. en honum til a\u00f0sto\u00f0ar ver\u00f0ur \u00d3lafur [&hellip;]<\/p>","protected":false},"author":4,"featured_media":15676,"comment_status":"open","ping_status":"open","sticky":false,"template":"","format":"standard","meta":{"_monsterinsights_skip_tracking":false,"_monsterinsights_sitenote_active":false,"_monsterinsights_sitenote_note":"","_monsterinsights_sitenote_category":0,"_jetpack_memberships_contains_paid_content":false,"footnotes":""},"categories":[11,9],"tags":[],"class_list":["post-15937","post","type-post","status-publish","format-standard","has-post-thumbnail","hentry","category-mflkarla","category-fotbolti"],"jetpack_sharing_enabled":true,"jetpack_featured_media_url":"https:\/\/fram.is\/wp-content\/uploads\/2017\/05\/li\u00f0i\u00f0-gegn-Haukum-vefur.jpg","_links":{"self":[{"href":"https:\/\/fram.is\/is\/wp-json\/wp\/v2\/posts\/15937","targetHints":{"allow":["GET"]}}],"collection":[{"href":"https:\/\/fram.is\/is\/wp-json\/wp\/v2\/posts"}],"about":[{"href":"https:\/\/fram.is\/is\/wp-json\/wp\/v2\/types\/post"}],"author":[{"embeddable":true,"href":"https:\/\/fram.is\/is\/wp-json\/wp\/v2\/users\/4"}],"replies":[{"embeddable":true,"href":"https:\/\/fram.is\/is\/wp-json\/wp\/v2\/comments?post=15937"}],"version-history":[{"count":0,"href":"https:\/\/fram.is\/is\/wp-json\/wp\/v2\/posts\/15937\/revisions"}],"wp:featuredmedia":[{"embeddable":true,"href":"https:\/\/fram.is\/is\/wp-json\/wp\/v2\/media\/15676"}],"wp:attachment":[{"href":"https:\/\/fram.is\/is\/wp-json\/wp\/v2\/media?parent=15937"}],"wp:term":[{"taxonomy":"category","embeddable":true,"href":"https:\/\/fram.is\/is\/wp-json\/wp\/v2\/categories?post=15937"},{"taxonomy":"post_tag","embeddable":true,"href":"https:\/\/fram.is\/is\/wp-json\/wp\/v2\/tags?post=15937"}],"curies":[{"name":"wp","href":"https:\/\/api.w.org\/{rel}","templated":true}]}}