{"id":16090,"date":"2017-08-02T12:45:25","date_gmt":"2017-08-02T12:45:25","guid":{"rendered":"http:\/\/fram.is\/?p=16090"},"modified":"2017-08-02T12:45:25","modified_gmt":"2017-08-02T12:45:25","slug":"fram-open-2017-ondverdarnes-11-agust-orfa-saeti-laus-a-motid","status":"publish","type":"post","link":"https:\/\/fram.is\/is\/2017\/08\/02\/fram-open-2017-ondverdarnes-11-agust-orfa-saeti-laus-a-motid\/","title":{"rendered":"FRAM Open 2017, \u00d6ndver\u00f0arnes 11. \u00e1g\u00fast, uppselt, skr\u00e1ningu loki\u00f0."},"content":{"rendered":"<p><a href=\"http:\/\/fram.is\/is\/2017\/07\/fram-open-2017-ondverdarnes-11-agust-skraning-hafinn\/fram-open-2017\/\"><img fetchpriority=\"high\" decoding=\"async\" class=\"alignright size-full wp-image-15950\" src=\"http:\/\/fram.is\/wp-content\/uploads\/2017\/07\/FRAM-Open-2017.jpg\" alt=\"\" width=\"1000\" height=\"719\" \/><\/a>Skr\u00e1ningu er n\u00fa loki\u00f0 \u00e1 &#8220;FRAM Open 2017&#8221;.<br \/>\nM\u00f3ti\u00f0 er fullt og \u00fev\u00ed mi\u00f0ur getum vi\u00f0 ekki teki\u00f0 vi\u00f0 fleiri skr\u00e1ningum.<br \/>\n\u00de\u00f6kkum fr\u00e1b\u00e6rar vi\u00f0t\u00f6kur og hl\u00f6kkum til a\u00f0 sj\u00e1 ykkur 11. \u00e1g\u00fast \u00ed \u00d6ndver\u00f0arnesi.<\/p>\n<p>Knattspyrnuf\u00e9lagi\u00f0 FRAM<\/p>\n<p>&nbsp;<\/p>","protected":false},"excerpt":{"rendered":"<p>Skr\u00e1ningu er n\u00fa loki\u00f0 \u00e1 &#8220;FRAM Open 2017&#8221;. M\u00f3ti\u00f0 er fullt og \u00fev\u00ed mi\u00f0ur getum vi\u00f0 ekki teki\u00f0 vi\u00f0 fleiri skr\u00e1ningum. \u00de\u00f6kkum fr\u00e1b\u00e6rar vi\u00f0t\u00f6kur og hl\u00f6kkum til a\u00f0 sj\u00e1 ykkur [&hellip;]<\/p>","protected":false},"author":4,"featured_media":15951,"comment_status":"open","ping_status":"open","sticky":false,"template":"","format":"standard","meta":{"_monsterinsights_skip_tracking":false,"_monsterinsights_sitenote_active":false,"_monsterinsights_sitenote_note":"","_monsterinsights_sitenote_category":0,"_jetpack_memberships_contains_paid_content":false,"footnotes":""},"categories":[8,10],"tags":[],"class_list":["post-16090","post","type-post","status-publish","format-standard","has-post-thumbnail","hentry","category-adalstjorn","category-frettir"],"jetpack_sharing_enabled":true,"jetpack_featured_media_url":"https:\/\/fram.is\/wp-content\/uploads\/2017\/07\/G\u00fasti-og-Lindi-scaled.jpg","_links":{"self":[{"href":"https:\/\/fram.is\/is\/wp-json\/wp\/v2\/posts\/16090","targetHints":{"allow":["GET"]}}],"collection":[{"href":"https:\/\/fram.is\/is\/wp-json\/wp\/v2\/posts"}],"about":[{"href":"https:\/\/fram.is\/is\/wp-json\/wp\/v2\/types\/post"}],"author":[{"embeddable":true,"href":"https:\/\/fram.is\/is\/wp-json\/wp\/v2\/users\/4"}],"replies":[{"embeddable":true,"href":"https:\/\/fram.is\/is\/wp-json\/wp\/v2\/comments?post=16090"}],"version-history":[{"count":0,"href":"https:\/\/fram.is\/is\/wp-json\/wp\/v2\/posts\/16090\/revisions"}],"wp:featuredmedia":[{"embeddable":true,"href":"https:\/\/fram.is\/is\/wp-json\/wp\/v2\/media\/15951"}],"wp:attachment":[{"href":"https:\/\/fram.is\/is\/wp-json\/wp\/v2\/media?parent=16090"}],"wp:term":[{"taxonomy":"category","embeddable":true,"href":"https:\/\/fram.is\/is\/wp-json\/wp\/v2\/categories?post=16090"},{"taxonomy":"post_tag","embeddable":true,"href":"https:\/\/fram.is\/is\/wp-json\/wp\/v2\/tags?post=16090"}],"curies":[{"name":"wp","href":"https:\/\/api.w.org\/{rel}","templated":true}]}}